   

    

    

    {"id":15646,"date":"2025-01-15T10:23:27","date_gmt":"2025-01-15T16:23:27","guid":{"rendered":"https:\/\/amelica.org\/?p=15646"},"modified":"2025-01-23T08:13:52","modified_gmt":"2025-01-23T14:13:52","slug":"redalyc-y-amelica-2024-ampliando-soluciones-de-ciencia-abierta-para-el-beneficio-global","status":"publish","type":"post","link":"https:\/\/amelica.org\/index.php\/2025\/01\/15\/redalyc-y-amelica-2024-ampliando-soluciones-de-ciencia-abierta-para-el-beneficio-global\/","title":{"rendered":"Redalyc y AmeliCA 2024: Ampliando soluciones de Ciencia Abierta para el Beneficio Global"},"content":{"rendered":"\n<figure class=\"wp-block-image size-full is-resized\"><img loading=\"lazy\" decoding=\"async\" width=\"1367\" height=\"5001\" src=\"https:\/\/amelica.org\/wp-content\/uploads\/2025\/01\/1-Visibilidad-y-descubrimiento.png\" alt=\"\" class=\"wp-image-15649\" style=\"width:896px;height:auto\" srcset=\"https:\/\/amelica.org\/wp-content\/uploads\/2025\/01\/1-Visibilidad-y-descubrimiento.png 1367w, https:\/\/amelica.org\/wp-content\/uploads\/2025\/01\/1-Visibilidad-y-descubrimiento-82x300.png 82w, https:\/\/amelica.org\/wp-content\/uploads\/2025\/01\/1-Visibilidad-y-descubrimiento-280x1024.png 280w, https:\/\/amelica.org\/wp-content\/uploads\/2025\/01\/1-Visibilidad-y-descubrimiento-768x2810.png 768w, https:\/\/amelica.org\/wp-content\/uploads\/2025\/01\/1-Visibilidad-y-descubrimiento-420x1536.png 420w, https:\/\/amelica.org\/wp-content\/uploads\/2025\/01\/1-Visibilidad-y-descubrimiento-560x2048.png 560w\" sizes=\"(max-width: 1367px) 100vw, 1367px\" \/><\/figure>\n\n\n\n<div class=\"wp-block-columns is-layout-flex wp-container-core-columns-layout-1 wp-block-columns-is-layout-flex\">\n<div class=\"wp-block-column is-layout-flow wp-block-column-is-layout-flow\">\n<figure class=\"wp-block-image size-large\"><img loading=\"lazy\" decoding=\"async\" width=\"1024\" height=\"591\" src=\"https:\/\/amelica.org\/wp-content\/uploads\/2025\/01\/2-Fortalecimiento-de-la-calidad-1024x591.png\" alt=\"\" class=\"wp-image-15650\" srcset=\"https:\/\/amelica.org\/wp-content\/uploads\/2025\/01\/2-Fortalecimiento-de-la-calidad-1024x591.png 1024w, https:\/\/amelica.org\/wp-content\/uploads\/2025\/01\/2-Fortalecimiento-de-la-calidad-300x173.png 300w, https:\/\/amelica.org\/wp-content\/uploads\/2025\/01\/2-Fortalecimiento-de-la-calidad-768x443.png 768w, https:\/\/amelica.org\/wp-content\/uploads\/2025\/01\/2-Fortalecimiento-de-la-calidad.png 1367w\" sizes=\"(max-width: 1024px) 100vw, 1024px\" \/><\/figure>\n\n\n\n<figure class=\"wp-block-image size-large\"><img loading=\"lazy\" decoding=\"async\" width=\"1024\" height=\"790\" src=\"https:\/\/amelica.org\/wp-content\/uploads\/2025\/01\/3-Creacio\u0301n-de-capacidad-1024x790.png\" alt=\"\" class=\"wp-image-15652\" srcset=\"https:\/\/amelica.org\/wp-content\/uploads\/2025\/01\/3-Creacio\u0301n-de-capacidad-1024x790.png 1024w, https:\/\/amelica.org\/wp-content\/uploads\/2025\/01\/3-Creacio\u0301n-de-capacidad-300x232.png 300w, https:\/\/amelica.org\/wp-content\/uploads\/2025\/01\/3-Creacio\u0301n-de-capacidad-768x593.png 768w, https:\/\/amelica.org\/wp-content\/uploads\/2025\/01\/3-Creacio\u0301n-de-capacidad.png 1367w\" sizes=\"(max-width: 1024px) 100vw, 1024px\" \/><\/figure>\n<\/div>\n<\/div>\n\n\n\n<figure class=\"wp-block-image size-large\"><img loading=\"lazy\" decoding=\"async\" width=\"1024\" height=\"419\" src=\"https:\/\/amelica.org\/wp-content\/uploads\/2025\/01\/4-Transicio\u0301n-digital-1024x419.png\" alt=\"\" class=\"wp-image-15651\" srcset=\"https:\/\/amelica.org\/wp-content\/uploads\/2025\/01\/4-Transicio\u0301n-digital-1024x419.png 1024w, https:\/\/amelica.org\/wp-content\/uploads\/2025\/01\/4-Transicio\u0301n-digital-300x123.png 300w, https:\/\/amelica.org\/wp-content\/uploads\/2025\/01\/4-Transicio\u0301n-digital-768x315.png 768w, https:\/\/amelica.org\/wp-content\/uploads\/2025\/01\/4-Transicio\u0301n-digital.png 1367w\" sizes=\"(max-width: 1024px) 100vw, 1024px\" \/><\/figure>\n\n\n\n<figure class=\"wp-block-image size-large\"><img loading=\"lazy\" decoding=\"async\" width=\"1024\" height=\"527\" src=\"https:\/\/amelica.org\/wp-content\/uploads\/2025\/01\/5-Sostenibilidad-de-redalyc-y-AmeliCA-1024x527.png\" alt=\"\" class=\"wp-image-15647\" srcset=\"https:\/\/amelica.org\/wp-content\/uploads\/2025\/01\/5-Sostenibilidad-de-redalyc-y-AmeliCA-1024x527.png 1024w, https:\/\/amelica.org\/wp-content\/uploads\/2025\/01\/5-Sostenibilidad-de-redalyc-y-AmeliCA-300x154.png 300w, https:\/\/amelica.org\/wp-content\/uploads\/2025\/01\/5-Sostenibilidad-de-redalyc-y-AmeliCA-768x395.png 768w, https:\/\/amelica.org\/wp-content\/uploads\/2025\/01\/5-Sostenibilidad-de-redalyc-y-AmeliCA.png 1367w\" sizes=\"(max-width: 1024px) 100vw, 1024px\" \/><\/figure>\n\n\n\n<figure class=\"wp-block-image size-large is-resized\"><img loading=\"lazy\" decoding=\"async\" width=\"768\" height=\"1024\" src=\"https:\/\/amelica.org\/wp-content\/uploads\/2025\/01\/6-Consolidacio\u0301n-del-modelo-de-AAD-768x1024.png\" alt=\"\" class=\"wp-image-15648\" style=\"width:900px;height:auto\" srcset=\"https:\/\/amelica.org\/wp-content\/uploads\/2025\/01\/6-Consolidacio\u0301n-del-modelo-de-AAD-768x1024.png 768w, https:\/\/amelica.org\/wp-content\/uploads\/2025\/01\/6-Consolidacio\u0301n-del-modelo-de-AAD-225x300.png 225w, https:\/\/amelica.org\/wp-content\/uploads\/2025\/01\/6-Consolidacio\u0301n-del-modelo-de-AAD-1152x1536.png 1152w, https:\/\/amelica.org\/wp-content\/uploads\/2025\/01\/6-Consolidacio\u0301n-del-modelo-de-AAD.png 1367w\" sizes=\"(max-width: 768px) 100vw, 768px\" \/><\/figure>\n\n\n\n<p><strong>Recursos<\/strong><\/p>\n\n\n\n<p>Aguado-L\u00f3pez, E., Becerril-Garc\u00eda, A., Macedo-Garc\u00eda, A., &amp; Segundo-Escobar, A. R. (2024). <em>Incrementar las opciones de dise\u00f1os PDF que ofrece Marcalyc: M\u00f3naco y Copenhague. Manual t\u00e9cnico<\/em>.<a href=\"https:\/\/doi.org\/10.5281\/zenodo.11155022\" target=\"_blank\" rel=\"noopener\" title=\"\"> Sistema de Informaci\u00f3n Cient\u00edfica Redalyc-Universidad Aut\u00f3noma del Estado de M\u00e9xico. https:\/\/<\/a><a href=\"http:\/\/doi.org\/10.5281\/zenodo.11155022\">doi.org\/10.5281\/zenodo.11155022<\/a><\/p>\n\n\n\n<p>AmeliCA. (8 de octubre 2024a). Ciencia Abierta: Una Buena Idea. Edici\u00f3n en espa\u00f1ol. <em>Voces AmeliCA<\/em>.<a href=\"https:\/\/amelica.org\/index.php\/2024\/10\/08\/ciencia-abierta-una-buena-idea-edicion-en-espanol\/\" target=\"_blank\" rel=\"noopener\" title=\"\"> https:\/\/amelica.org\/index.php\/2024\/10\/08\/ciencia-abierta-una-buena-idea-edicion-en-espanol\/<\/a><\/p>\n\n\n\n<p>AmeliCA. (31 de octubre 2024b). Programa Estatal de Colaboraci\u00f3n COQHCYT-Redalyc: Impulsando el Acceso Abierto Diamante y la Publicaci\u00f3n Cient\u00edfica en Quintana Roo. &#8211; AmeliCA. <em>Voces AmeliCA<\/em>.<a href=\"https:\/\/amelica.org\/index.php\/2024\/10\/31\/programa-estatal-de-colaboracion-redalyc-coqhcyt-impulsando-el-acceso-abierto-diamante-y-la-publicacion-cientifica-en-quintana-roo\/\" target=\"_blank\" rel=\"noopener\" title=\"\"> https:\/\/amelica.org\/index.php\/2024\/10\/31\/programa-estatal-de-colaboracion-redalyc-coqhcyt-impulsando-el-acceso-abierto-diamante-y-la-publicacion-cientifica-en-quintana-roo\/<\/a><\/p>\n\n\n\n<p>AmeliCA. (31 de octubre 2024c). Programa Nacional de Colaboraci\u00f3n Cuba-AmeliCA: Avanzando en Ciencia Abierta y Visibilidad Cient\u00edfica. <em>Voces AmeliCA<\/em>.<a href=\"https:\/\/amelica.org\/index.php\/2024\/10\/31\/programa-nacional-de-colaboracion-amelica-cuba-avanzando-en-ciencia-abierta-y-visibilidad-cientifica\/\" target=\"_blank\" rel=\"noopener\" title=\"\"> https:\/\/amelica.org\/index.php\/2024\/10\/31\/programa-nacional-de-colaboracion-amelica-cuba-avanzando-en-ciencia-abierta-y-visibilidad-cientifica\/<\/a><\/p>\n\n\n\n<p>AmeliCA. (7 de noviembre 2024d). Acuerdo Nacional de Cooperaci\u00f3n: Redalyc y Portugal impulsan la calidad y visibilidad de las revistas cient\u00edficas de Acceso Abierto Diamante. <em>Voces AmeliCA<\/em>.<a href=\"https:\/\/amelica.org\/index.php\/2024\/11\/07\/acuerdo-nacional-de-cooperacion-redalyc-y-portugal-impulsan-la-calidad-y-visibilidad-de-las-revistas-cientificas-de-acceso-abierto-diamante\/\" target=\"_blank\" rel=\"noopener\" title=\"\"> https:\/\/amelica.org\/index.php\/2024\/11\/07\/acuerdo-nacional-de-cooperacion-redalyc-y-portugal-impulsan-la-calidad-y-visibilidad-de-las-revistas-cientificas-de-acceso-abierto-diamante\/<\/a><\/p>\n\n\n\n<p>AmeliCA. (8 de noviembre 2024e). Programa Nacional de Colaboraci\u00f3n Ecuador-AmeliCA: Mejorando la Visibilidad Cient\u00edfica y las Pr\u00e1cticas de Ciencia Abierta. <em>Voces AmeliCA<\/em>.<a href=\"https:\/\/amelica.org\/index.php\/2024\/11\/08\/programa-nacional-de-colaboracion-ecuador-amelica-mejorando-la-visibilidad-cientifica-y-las-practicas-de-ciencia-abierta\/\" target=\"_blank\" rel=\"noopener\" title=\"\"> https:\/\/amelica.org\/index.php\/2024\/11\/08\/programa-nacional-de-colaboracion-ecuador-amelica-mejorando-la-visibilidad-cientifica-y-las-practicas-de-ciencia-abierta\/<\/a><\/p>\n\n\n\n<p>AmeliCA. (14 de noviembre 2024f). Presentamos QualitAAD. Autoevaluaci\u00f3n de Calidad para Revistas de Acceso Abierto Diamante. <em>Voces AmeliCA<\/em>.<a href=\"https:\/\/amelica.org\/index.php\/2024\/11\/14\/presentamos-qualitaad-autoevaluacion-de-calidad-para-revistas-de-acceso-abierto-diamante\/\"> https:\/\/amelica.org\/index.php\/2024\/11\/14\/presenta<\/a><a href=\"https:\/\/amelica.org\/index.php\/2024\/11\/14\/presentamos-qualitaad-autoevaluacion-de-calidad-para-revistas-de-acceso-abierto-diamante\/\" target=\"_blank\" rel=\"noopener\" title=\"\">m<\/a><a href=\"https:\/\/amelica.org\/index.php\/2024\/11\/14\/presentamos-qualitaad-autoevaluacion-de-calidad-para-revistas-de-acceso-abierto-diamante\/\">os-qualitaad-autoevaluacion-de-calidad-para-revistas-de-acceso-abierto-diamante\/<\/a><\/p>\n\n\n\n<p>AmeliCA. (26 de noviembre 2024g). Actividades de Redalyc y AmeliCA en la Semana Internacional de Acceso Abierto 2024. <em>Voces AmeliCA<\/em>.<a href=\"https:\/\/amelica.org\/index.php\/2024\/11\/26\/actividades-de-redalyc-y-amelica-en-la-semana-internacional-de-acceso-abierto-2024\/\" target=\"_blank\" rel=\"noopener\" title=\"\"> https:\/\/amelica.org\/index.php\/2024\/11\/26\/actividades-de-redalyc-y-amelica-en-la-semana-internacional-de-acceso-abierto-2024\/<\/a><\/p>\n\n\n\n<p>AmeliCA Commons. (2024). <em>Open Data Repository. <\/em><a href=\"https:\/\/commons.amelica.org\/open-data\/home\" target=\"_blank\" rel=\"noopener\" title=\"\">https:\/\/commons.amelica.org\/open-data\/home<\/a><\/p>\n\n\n\n<p>AmeliCA Conocimiento Abierto. (2024). <em>Programa Nacional de Colaboraci\u00f3n Ecuador-AmeliCA<\/em> [Video].<a href=\"https:\/\/www.youtube.com\/watch?v=PruX6Lq5JHU\" target=\"_blank\" rel=\"noopener\" title=\"\"> Youtube. https:\/\/www.youtube.com\/watch?v=PruX6Lq5JHU<\/a><\/p>\n\n\n\n<p>AmeliCA Learning. (2024). <a href=\"https:\/\/learning.amelica.org\/\" target=\"_blank\" rel=\"noopener\" title=\"\">https:\/\/learning.amelica.org\/<\/a><\/p>\n\n\n\n<p>Becerril-Garc\u00eda, A., Aguado-L\u00f3pez, E., Macedo Garc\u00eda, A., &amp; Segundo-Escobar, A. R. (2024). <em>Integraci\u00f3n del flujo de trabajo editorial de Marcalyc con OJS. Manual t\u00e9cnico<\/em>.<a href=\"https:\/\/doi.org\/10.5281\/zenodo.11151836\"> <\/a><a href=\"https:\/\/doi.org\/10.5281\/zenodo.11155022\" target=\"_blank\" rel=\"noopener\" title=\"\">Sistema de Informaci\u00f3n Cient\u00edfica Redalyc-Universidad Aut\u00f3noma del Estado de M\u00e9xico<\/a>. <a href=\"https:\/\/doi.org\/10.5281\/zenodo.11151836\">https:\/\/doi.org\/10.5281\/zenodo.11151836<\/a><\/p>\n\n\n\n<p>Becerril-Garc\u00eda, A., &amp; Aguado-L\u00f3pez, E. (2024). <em>For equity in scholarly communications: Technology for non-commercial Open Access to knowledge<\/em>. Scientific Information System Redalyc-Autonomous University of the State of Mexico. <a href=\"https:\/\/doi.org\/10.5281\/zenodo.14291829\" target=\"_blank\" rel=\"noopener\" title=\"\">https:\/\/doi.org\/10.5281\/zenodo.14291829<\/a><\/p>\n\n\n\n<p>Consejo Latinoamericano de Ciencias Sociales. (14 octubre 2024a). <em>MOOC Ciencia Abierta como Bien P\u00fablico: Reflexiones y Acciones Necesarias desde la Perspectiva No Comercial<\/em>. <a href=\"https:\/\/www.clacso.org\/actividad\/mooc-ciencia-abierta-como-bien-publico-reflexiones-y-acciones-necesarias-desde-la-perspectiva-no-comercial\/\" target=\"_blank\" rel=\"noopener\" title=\"\">https:\/\/www.clacso.org\/actividad\/mooc-ciencia-abierta-como-bien-publico-reflexiones-y-acciones-necesarias-desde-la-perspectiva-no-comercial\/<\/a><\/p>\n\n\n\n<p>Consejo Latinoamericano de Ciencias Sociales. (27 de diciembre 2024b). <em>DICTAMEN &#8211; Ensayos y Experiencias sobre Ciencia abierta. Premio \u201cDominique Babini\u201d<\/em>.<a href=\"https:\/\/www.clacso.org\/dictamen-ensayos-y-experiencias-sobre-ciencia-abierta-premio-dominique-babini\/\" target=\"_blank\" rel=\"noopener\" title=\"\"> https:\/\/www.clacso.org\/dictamen-ensayos-y-experiencias-sobre-ciencia-abierta-premio-dominique-babini\/<\/a><\/p>\n\n\n\n<p>Cumbre Global sobre Acceso Abierto Diamante. (2024).<a href=\"https:\/\/doasummit.uct.ac.za\/es\/\" target=\"_blank\" rel=\"noopener\" title=\"\"> https:\/\/doasummit.uct.ac.za\/es\/<\/a><\/p>\n\n\n\n<p>Miedema, F. (2024). <em>Ciencia abierta<\/em> (A. Becerril-Garc\u00eda, Coord.; F. J. C-Soriguer Escofet, Trad.). Universidad Aut\u00f3noma del Estado de M\u00e9xico.<a href=\"http:\/\/ri.uaemex.mx\/handle\/20.500.11799\/141131\" target=\"_blank\" rel=\"noopener\" title=\"\"> http:\/\/ri.uaemex.mx\/handle\/20.500.11799\/141131<\/a><\/p>\n\n\n\n<p>Redalyc Sistema de informaci\u00f3n Cient\u00edfica. (2024). <em>Webinar | Presentaci\u00f3n de libro \u201cCiencia Abierta: Una Buena Idea\u201d<\/em> [Video]. Youtube. <a href=\"https:\/\/www.youtube.com\/watch?v=IuPv12BAkZ4\" target=\"_blank\" rel=\"noopener\" title=\"\">https:\/\/www.youtube.com\/watch?v=IuPv12BAkZ4<\/a><\/p>\n\n\n\n<p>Sistema de Informaci\u00f3n Cient\u00edfica Redalyc. (2022). <em>Arcadia apoya a Redalyc y AmeliCA en su esfuerzo para impulsar el Acceso Abierto Diamante<\/em>.<a href=\"https:\/\/redalyc.org\/arcadia\/index.html\" target=\"_blank\" rel=\"noopener\" title=\"\"> https:\/\/redalyc.org\/arcadia\/index.html<\/a><\/p>\n\n\n\n<p>Sistema de Informaci\u00f3n Cient\u00edfica Redalyc. (2 de julio 2024a). Marcalyc 4.0: Mejoras en la herramienta de marcaci\u00f3n XML-JATS para las revistas acad\u00e9micas indexadas en Redalyc. <em>XML JATS Redalyc en R2020<\/em>.<a href=\"https:\/\/xmljatsredalyc.org\/2024\/07\/02\/marcalyc-4-0-mejoras-en-la-herramienta-de-marcacion-xml-jats-para-las-revistas-academicas-indexadas-en-redalyc\/\" target=\"_blank\" rel=\"noopener\" title=\"\"> https:\/\/xmljatsredalyc.org\/2024\/07\/02\/marcalyc-4-0-mejoras-en-la-herramienta-de-marcacion-xml-jats-para-las-revistas-academicas-indexadas-en-redalyc\/<\/a><\/p>\n\n\n\n<p>Sistema de Informaci\u00f3n Cient\u00edfica Redalyc. (2024c). <em>QualitAAD. AUTOEVALUACI\u00d3N DE CALIDAD PARA REVISTAS DE ACCESO ABIERTO DIAMANTE<\/em>.<a href=\"https:\/\/ximhai.redalyc.org\/#\/pre-postulationRequest\" target=\"_blank\" rel=\"noopener\" title=\"\"> https:\/\/ximhai.redalyc.org\/#\/pre-postulationRequest<\/a><\/p>\n\n\n\n<p>Sistema de Informaci\u00f3n Cient\u00edfica Redalyc. (2024d). <em>Revistas en ingl\u00e9s<\/em>. <a href=\"https:\/\/www.redalyc.org\/idioma.oa?id=2&amp;name=Ingl%C3%A9s&amp;nameE=English&amp;tipo=coleccion\" target=\"_blank\" rel=\"noopener\" title=\"\">https:\/\/www.redalyc.org\/idioma.oa?id=2&amp;name=Ingl%C3%A9s&amp;nameE=English&amp;tipo=coleccion<\/a>\u00a0\u00a0<\/p>\n\n\n\n<p>Zarza Delgado, M. P., Triana Moreno, A. E., Cetto, A. M., Aguado L\u00f3pez, E., Dacos, M., C\u00f3rdoba Gonz\u00e1lez, S., Garc\u00eda P\u00e9rez, A., Ga\u0107e\u0161a, N., Niemann, T., Clark, J., Catumbela, E., God\u00ednez Larios, S., Rovelli, L., Jeppesen, C. V., Byczy\u0144ski, M., M\u00e9ndez Solano, A., Mora Campos, A., Durga Prasad, A. R., Vommaro, P., \u2026 Barbour, V. (2024). <em>Acceso abierto diamante: Equidade, sostenibilidad, usability, qualit\u00e9\u202f: Cumbre Global sobre Acceso Abierto Diamante<\/em> (A. Becerril Garc\u00eda, Coord.). CLACSO.<a href=\"https:\/\/biblioteca-repositorio.clacso.edu.ar\/handle\/CLACSO\/251465\" target=\"_blank\" rel=\"noopener\" title=\"\"> https:\/\/biblioteca-repositorio.clacso.edu.ar\/handle\/CLACSO\/251465<\/a><\/p>\n","protected":false},"excerpt":{"rendered":"<p>Recursos Aguado-L\u00f3pez, E., Becerril-Garc\u00eda, A., Macedo-Garc\u00eda, A., &amp; Segundo-Escobar, A. R. (2024). Incrementar las opciones de dise\u00f1os PDF que ofrece Marcalyc: M\u00f3naco y Copenhague. Manual t\u00e9cnico. Sistema de Informaci\u00f3n Cient\u00edfica Redalyc-Universidad Aut\u00f3noma del Estado de M\u00e9xico. https:\/\/doi.org\/10.5281\/zenodo.11155022 AmeliCA. (8 de octubre 2024a). Ciencia Abierta: Una Buena Idea. Edici\u00f3n en espa\u00f1ol. Voces AmeliCA. https:\/\/amelica.org\/index.php\/2024\/10\/08\/ciencia-abierta-una-buena-idea-edicion-en-espanol\/ AmeliCA. (31 [&hellip;]<\/p>\n","protected":false},"author":23,"featured_media":15653,"comment_status":"open","ping_status":"open","sticky":false,"template":"","format":"standard","meta":{"_mi_skip_tracking":false,"_monsterinsights_sitenote_active":false,"_monsterinsights_sitenote_note":"","_monsterinsights_sitenote_category":0,"footnotes":""},"categories":[1],"tags":[],"aioseo_notices":[],"_links":{"self":[{"href":"https:\/\/amelica.org\/index.php\/wp-json\/wp\/v2\/posts\/15646"}],"collection":[{"href":"https:\/\/amelica.org\/index.php\/wp-json\/wp\/v2\/posts"}],"about":[{"href":"https:\/\/amelica.org\/index.php\/wp-json\/wp\/v2\/types\/post"}],"author":[{"embeddable":true,"href":"https:\/\/amelica.org\/index.php\/wp-json\/wp\/v2\/users\/23"}],"replies":[{"embeddable":true,"href":"https:\/\/amelica.org\/index.php\/wp-json\/wp\/v2\/comments?post=15646"}],"version-history":[{"count":8,"href":"https:\/\/amelica.org\/index.php\/wp-json\/wp\/v2\/posts\/15646\/revisions"}],"predecessor-version":[{"id":15682,"href":"https:\/\/amelica.org\/index.php\/wp-json\/wp\/v2\/posts\/15646\/revisions\/15682"}],"wp:featuredmedia":[{"embeddable":true,"href":"https:\/\/amelica.org\/index.php\/wp-json\/wp\/v2\/media\/15653"}],"wp:attachment":[{"href":"https:\/\/amelica.org\/index.php\/wp-json\/wp\/v2\/media?parent=15646"}],"wp:term":[{"taxonomy":"category","embeddable":true,"href":"https:\/\/amelica.org\/index.php\/wp-json\/wp\/v2\/categories?post=15646"},{"taxonomy":"post_tag","embeddable":true,"href":"https:\/\/amelica.org\/index.php\/wp-json\/wp\/v2\/tags?post=15646"}],"curies":[{"name":"wp","href":"https:\/\/api.w.org\/{rel}","templated":true}]}}