   

    

    

    {"id":15387,"date":"2024-10-08T09:17:31","date_gmt":"2024-10-08T15:17:31","guid":{"rendered":"https:\/\/amelica.org\/?p=15387"},"modified":"2024-10-10T08:17:54","modified_gmt":"2024-10-10T14:17:54","slug":"ciencia-abierta-una-buena-idea-edicion-en-espanol","status":"publish","type":"post","link":"https:\/\/amelica.org\/index.php\/2024\/10\/08\/ciencia-abierta-una-buena-idea-edicion-en-espanol\/","title":{"rendered":"Ciencia Abierta: Una Buena Idea. Edici\u00f3n en espa\u00f1ol."},"content":{"rendered":"\n<p>Presentamos a la comunidad de Acceso Abierto Diamante y al p\u00fablico en general la edici\u00f3n en espa\u00f1ol del libro<strong> &#8220;Ciencia abierta: Una Buena Idea&#8221;<\/strong>, escrito por <strong>Frank Miedema<\/strong>. Esta valiosa obra traducida est\u00e1 disponible en acceso abierto gracias a la Universidad Aut\u00f3noma del Estado de M\u00e9xico, a trav\u00e9s de este <a href=\"http:\/\/ri.uaemex.mx\/handle\/20.500.11799\/141131\" target=\"_blank\" rel=\"noopener\" title=\"\"><strong>enlace<\/strong><\/a>.<\/p>\n\n\n\n<p>Frank Miedema, profesor em\u00e9rito de la Universidad de Utrecht, es un destacado cient\u00edfico y acad\u00e9mico, conocido por su liderazgo en la promoci\u00f3n de la ciencia abierta.&nbsp; La traducci\u00f3n al espa\u00f1ol est\u00e1 a cargo de Federico Soriguer, Vocal Coordinador de la Secci\u00f3n de Ciencias Sociales y Humanidades de la Academia Malague\u00f1a de Ciencias, Espa\u00f1a. Este libro cuenta con un pr\u00f3logo de Arianna Becerril Garc\u00eda, Directora Ejecutiva del Sistema de Informaci\u00f3n Cient\u00edfica Redalyc y Presidenta de AmeliCA profesora e investigadora de tiempo completo en la Universidad Aut\u00f3noma del Estado de M\u00e9xico.<\/p>\n\n\n\n<p>En este libro, el autor sostiene y demuestra que la \u201cCiencia Abierta\u201d es un movimiento global verdadera e hist\u00f3ricamente \u00fanico, en el sentido de que no solo analiza los problemas de la ciencia, sino que los traduce en importantes acciones institucionales con el objetivo de introducir cambios en el sistema, involucrando a todos los actores en el campo cient\u00edfico y acad\u00e9mico con la pretensi\u00f3n de mejorar la cultura acad\u00e9mica y el impacto de la ciencia en la vida de las personas dondequiera que vivan en el mundo.<\/p>\n\n\n\n<p>Para ello, el libro proporciona un contexto amplio para la comprensi\u00f3n de los problemas actuales de la ciencia y de los diferentes movimientos que trabajan por mejorar el impacto social de la ciencia y la investigaci\u00f3n. Adem\u00e1s, para proporcionar una comprensi\u00f3n hist\u00f3rica m\u00e1s amplia de las implicaciones de la ciencia abierta, el libro ofrece informaci\u00f3n sobre ideas, antiguas y nuevas, sobre la ciencia, as\u00ed como de los or\u00edgenes hist\u00f3ricos, tanto filos\u00f3ficos como sociol\u00f3gicos, de la ciencia. Bas\u00e1ndose en un an\u00e1lisis exhaustivo, as\u00ed como en experiencias personales en la investigaci\u00f3n del sida, en la administraci\u00f3n universitaria y como observador cient\u00edfico, el autor proporciona, -sin dejar de reconocer las limitaciones de la ciencia-, una narrativa realista sobre c\u00f3mo se lleva a cabo la investigaci\u00f3n y cu\u00e1n confiable es la producci\u00f3n de conocimiento &#8220;objetivo&#8221;. El libro muestra que el conocimiento con base cient\u00edfica es necesario y \u00fatil para comprender las posiciones intelectuales y pol\u00edticas en las diversas discusiones sobre los grandes desaf\u00edos de nuestro tiempo y c\u00f3mo la ciencia tiene un impacto en la sociedad.<\/p>\n\n\n\n<blockquote class=\"wp-block-quote\">\n<p>\u201cCon Open Science queremos hacer mucho m\u00e1s por la comunidad y la sociedad. La Ciencia Abierta empez\u00f3 de abajo hacia arriba, pero me alegra ver que ha sido ampliamente adoptada por los profesores, los l\u00edderes de las universidades y los principales financiadores de la UE y de otros lugares\u201d.<\/p>\n<cite>Henk Kummeling, rector de la Universidad de Utrecht.<\/cite><\/blockquote>\n\n\n\n<p>La visi\u00f3n de la ciencia presentada en este libro, basada en gran medida en el pensamiento pragmatista estadounidense, encaja con el actual movimiento global de \u201cCiencia Abierta\u201d. Se discuten intervenciones en el marco del programa \u201cCiencia Abierta\u201d, relacionados con \u201cAcceso Abierto\u201d, \u201cDatos FAIR\u201d, \u201cC\u00f3digo Abierto\u201d, \u201cParticipaci\u00f3n P\u00fablica\u201d y los cambios en el \u201cSistema de Reconocimiento y Recompensa\u201d. El libro revela por qu\u00e9 estas intervenciones, dentro del marco integral de la \u201cCiencia Abierta\u201d, a menudo encuentran resistencia, a pesar de que puedan parecer buenas o incluso obvias pues el objetivo es mejorar el proceso de investigaci\u00f3n y el impacto en el mundo acad\u00e9mico y en otras instituciones productoras de conocimiento cient\u00edfico en todo el mundo.<\/p>\n\n\n\n<p>Finalmente, en tiempos m\u00e1s recientes, la \u201cCiencia Abierta\u201d ya no trata s\u00f3lo de investigaci\u00f3n, sino que tambi\u00e9n involucra a la Ense\u00f1anza y a la Educaci\u00f3n. La Educaci\u00f3n Abierta es un movimiento en desarrollo que no se ha llegado a abordar en este libro.<\/p>\n\n\n\n<blockquote class=\"wp-block-quote\">\n<p>\u201cLa Ciencia Abierta trata de un cambio cultural respecto de la visi\u00f3n integral de la relaci\u00f3n de la Universidad con el mundo. No se trata s\u00f3lo de investigaci\u00f3n, sino tambi\u00e9n de nuestra ense\u00f1anza y de la Universidad como comunidad en el mundo\u201d.<\/p>\n<cite>\u201cManon Kluijtmans,Vicerrectora&nbsp; de Educaci\u00f3n, Universidad de Utrecht\u201d.<\/cite><\/blockquote>\n\n\n\n<p>El autor reconoce que el movimiento de \u201cCiencia Abierta\u201d todav\u00eda est\u00e1 muy poco centrado en los problemas que tienen los cient\u00edficos cuando trabajan en el Sur Global y en los pa\u00edses de ingresos bajos y medios. Estas y otras objeciones de colegas involucrados en la pr\u00e1ctica diaria de la ciencia en todo el mundo son a menudo leg\u00edtimas y constructivas y deben abordarse cuando se implementen pr\u00e1cticas de \u201cCiencia Abierta\u201d, que actualmente es un importante programa en curso a nivel internacional.<\/p>\n\n\n\n<p>Estas discusiones son esenciales para aquellos interesados en transformar el panorama cient\u00edfico actual y promover pr\u00e1cticas que beneficien a toda la comunidad. Por lo tanto, los invitamos cordialmente al seminario web de presentaci\u00f3n de la edici\u00f3n en espa\u00f1ol del libro &#8220;Ciencia Abierta: Una Buena Idea&#8221; el 24 de octubre a las 10 AM (GMT-6, Ciudad de M\u00e9xico), 1 PM (GMT-3, Buenos Aires) y 6 PM (GMT+2, Madrid). Para registrarse, por favor visite este <a href=\"https:\/\/us02web.zoom.us\/webinar\/register\/WN_0FtEe1MpQWGsd156bRKT2A#\/registration\" target=\"_blank\" rel=\"noopener\" title=\"\"><strong>enlace<\/strong><\/a>.<\/p>\n\n\n\n<figure class=\"wp-block-image size-large\"><a href=\"https:\/\/us02web.zoom.us\/webinar\/register\/WN_0FtEe1MpQWGsd156bRKT2A#\/registration\" target=\"_blank\" rel=\"noopener\"><img loading=\"lazy\" decoding=\"async\" width=\"1024\" height=\"431\" src=\"https:\/\/amelica.org\/wp-content\/uploads\/2024\/10\/1-1-1024x431.png\" alt=\"\" class=\"wp-image-15413\" srcset=\"https:\/\/amelica.org\/wp-content\/uploads\/2024\/10\/1-1-1024x431.png 1024w, https:\/\/amelica.org\/wp-content\/uploads\/2024\/10\/1-1-300x126.png 300w, https:\/\/amelica.org\/wp-content\/uploads\/2024\/10\/1-1-768x323.png 768w, https:\/\/amelica.org\/wp-content\/uploads\/2024\/10\/1-1-1536x647.png 1536w, https:\/\/amelica.org\/wp-content\/uploads\/2024\/10\/1-1.png 1900w\" sizes=\"(max-width: 1024px) 100vw, 1024px\" \/><\/a><\/figure>\n","protected":false},"excerpt":{"rendered":"<p>Presentamos a la comunidad de Acceso Abierto Diamante y al p\u00fablico en general la edici\u00f3n en espa\u00f1ol del libro &#8220;Ciencia abierta: Una Buena Idea&#8221;, escrito por Frank Miedema. Esta valiosa obra traducida est\u00e1 disponible en acceso abierto gracias a la Universidad Aut\u00f3noma del Estado de M\u00e9xico, a trav\u00e9s de este enlace. Frank Miedema, profesor em\u00e9rito [&hellip;]<\/p>\n","protected":false},"author":23,"featured_media":15402,"comment_status":"open","ping_status":"open","sticky":false,"template":"","format":"standard","meta":{"_mi_skip_tracking":false,"_monsterinsights_sitenote_active":false,"_monsterinsights_sitenote_note":"","_monsterinsights_sitenote_category":0,"footnotes":""},"categories":[560],"tags":[],"aioseo_notices":[],"_links":{"self":[{"href":"https:\/\/amelica.org\/index.php\/wp-json\/wp\/v2\/posts\/15387"}],"collection":[{"href":"https:\/\/amelica.org\/index.php\/wp-json\/wp\/v2\/posts"}],"about":[{"href":"https:\/\/amelica.org\/index.php\/wp-json\/wp\/v2\/types\/post"}],"author":[{"embeddable":true,"href":"https:\/\/amelica.org\/index.php\/wp-json\/wp\/v2\/users\/23"}],"replies":[{"embeddable":true,"href":"https:\/\/amelica.org\/index.php\/wp-json\/wp\/v2\/comments?post=15387"}],"version-history":[{"count":7,"href":"https:\/\/amelica.org\/index.php\/wp-json\/wp\/v2\/posts\/15387\/revisions"}],"predecessor-version":[{"id":15419,"href":"https:\/\/amelica.org\/index.php\/wp-json\/wp\/v2\/posts\/15387\/revisions\/15419"}],"wp:featuredmedia":[{"embeddable":true,"href":"https:\/\/amelica.org\/index.php\/wp-json\/wp\/v2\/media\/15402"}],"wp:attachment":[{"href":"https:\/\/amelica.org\/index.php\/wp-json\/wp\/v2\/media?parent=15387"}],"wp:term":[{"taxonomy":"category","embeddable":true,"href":"https:\/\/amelica.org\/index.php\/wp-json\/wp\/v2\/categories?post=15387"},{"taxonomy":"post_tag","embeddable":true,"href":"https:\/\/amelica.org\/index.php\/wp-json\/wp\/v2\/tags?post=15387"}],"curies":[{"name":"wp","href":"https:\/\/api.w.org\/{rel}","templated":true}]}}