   

    

    

    {"id":12456,"date":"2022-12-23T20:15:18","date_gmt":"2022-12-24T02:15:18","guid":{"rendered":"http:\/\/amelica.org\/?p=12456"},"modified":"2023-12-04T10:54:29","modified_gmt":"2023-12-04T16:54:29","slug":"logros-2022-por-el-acceso-abierto-diamante","status":"publish","type":"post","link":"https:\/\/amelica.org\/index.php\/2022\/12\/23\/logros-2022-por-el-acceso-abierto-diamante\/","title":{"rendered":"Logros de Redalyc y AmeliCA 2022"},"content":{"rendered":"<div style=\"width: 50%; height: 92px; background-color: #ff102a;\"><img loading=\"lazy\" decoding=\"async\" class=\"alignleft\" src=\"https:\/\/amelica.org\/wp-content\/uploads\/2022\/12\/logo1.png\" width=\"73\" height=\"89\" \/><br \/>\n<span style=\"font-size: 14pt;\"><strong><span style=\"color: #ffffff;\">VISIBILIDAD Y DESCUBRIMIENTO<\/span><\/strong><\/span><\/div>\n<div style=\"width: 99%; border-top: solid 10px #FF102A; border-left: solid 1px; border-bottom: solid 1px; border-right: solid 1px;\">\n<div style=\"width: 100%;\"><img decoding=\"async\" src=\"https:\/\/amelica.org\/wp-content\/uploads\/2022\/12\/mapaesp1-1.png\" alt=\"null\" \/><\/div>\n<div style=\"width: 100%; display: grid; grid-template-columns: 50% 50%;\"><img decoding=\"async\" src=\"https:\/\/amelica.org\/wp-content\/uploads\/2022\/12\/4-indice-redalyc-esp.png\" \/><img decoding=\"async\" src=\"https:\/\/amelica.org\/wp-content\/uploads\/2022\/12\/5-indice-amelica-esp.png\" \/><\/div>\n<div style=\"width: 100%; display: grid; grid-template-columns: 50% 50%; grid-template-rows: 60% 40%;\">\n<div style=\"padding: 20px; border-top: solid 1px; border-bottom: solid 1px;\"><span style=\"font-size: 14pt;\">Nuevos acuerdos de indexaci\u00f3n de revistas\u00a0firmados con instituciones de <b><strong style=\"font-weight: bolder; color: black;\">Angola,\u00a0Argentina, Australia, Brasil, Colombia,\u00a0Costa Rica, Ecuador, India, Lituania, M\u00e9xico,\u00a0Paraguay, Per\u00fa, Polonia, Portugal, Serbia,\u00a0Espa\u00f1a, Suiza y Turqu\u00eda.<\/strong><\/b><\/span><\/div>\n<div style=\"padding: 20px; grid-row-start: 1; grid-row-end: none; grid-column: 2; border-top: solid 1px; border-left: solid 1px; border-bottom: solid 1px;\"><a href=\"https:\/\/amelica.org\/index.php\/2022\/10\/31\/workspacedoa-un-espacio-de-trabajo-para-la-colaboracion-y-el-desarrollo-de-capacidades-del-acceso-abierto-diamante\/\"><img decoding=\"async\" class=\"aligncenter\" src=\"https:\/\/amelica.org\/wp-content\/uploads\/2022\/12\/6-logo-workspace.png\" alt=\"\" \/><\/a><br \/>\n<span style=\"font-size: 14pt;\">Se lanz\u00f3 el programa <strong style=\"font-weight: bolder; color: black;\">WorkspaceDOA<\/strong>, un esfuerzo colectivo para apoyar las revistas de AA Diamante en todo el mundo. Proyecto coordinado que integra los servicios actuales de Redalyc y AmeliCA y otros adicionales<\/span><\/div>\n<div style=\"padding: 20px; border-bottom: solid 1px;\"><span style=\"font-size: 14pt;\">Proyectos en curso con <strong style=\"font-weight: bolder; color: black;\">\u00c1frica, Centroam\u00e9rica y Sudam\u00e9rica,<\/strong> para la promoci\u00f3n del Acceso Abierto No Comercial.<\/span><\/div>\n<\/div>\n<div style=\"width: 100%; display: grid; grid-template-columns: 50% 50%; grid-template-rows: 75% 25%;\">\n<div style=\"padding: 20px; border-right: solid 1px; grid-row-start: 1; grid-row-end: none;\"><span style=\"font-size: 14pt;\"><a href=\"https:\/\/amelica.org\/index.php\/2022\/08\/16\/colaboracion-redalyc-la-referencia-redclara\/\"><img loading=\"lazy\" decoding=\"async\" class=\"alignnone wp-image-12565 size-full\" src=\"https:\/\/amelica.org\/wp-content\/uploads\/2022\/12\/acuerdoCoopESP.jpg\" alt=\"\" width=\"539\" height=\"320\" srcset=\"https:\/\/amelica.org\/wp-content\/uploads\/2022\/12\/acuerdoCoopESP.jpg 539w, https:\/\/amelica.org\/wp-content\/uploads\/2022\/12\/acuerdoCoopESP-300x178.jpg 300w\" sizes=\"(max-width: 539px) 100vw, 539px\" \/><\/a>Se firm\u00f3 un acuerdo con <strong style=\"font-weight: bolder; color: black;\">LAReferencia <\/strong>y\u00a0se desarrollaron 100 repositorios OAI-PMH de\u00a0instituciones mexicanas, 30 de instituciones\u00a0argentinas y 7 repositorios nacionales.<\/span><\/div>\n<div>\n<div style=\"padding: 15px;\"><span style=\"font-size: 14pt;\"><a href=\"http:\/\/semantic.redalyc.org\/climateaction\/#\/home\"><img loading=\"lazy\" decoding=\"async\" class=\"alignnone wp-image-12566 size-full\" src=\"https:\/\/amelica.org\/wp-content\/uploads\/2022\/12\/objetivosDSENG.jpg\" alt=\"\" width=\"539\" height=\"230\" srcset=\"https:\/\/amelica.org\/wp-content\/uploads\/2022\/12\/objetivosDSENG.jpg 539w, https:\/\/amelica.org\/wp-content\/uploads\/2022\/12\/objetivosDSENG-300x128.jpg 300w\" sizes=\"(max-width: 539px) 100vw, 539px\" \/><\/a>Se desarroll\u00f3 la colecci\u00f3n sem\u00e1ntica de\u00a0art\u00edculos de revistas para los ODS \u201c<strong style=\"font-weight: bolder; color: black;\">Acci\u00f3n por\u00a0el Clima<\/strong>\u201d y est\u00e1 disponible en Redalyc.org.<\/span><\/div>\n<\/div>\n<div style=\"padding: 10px; border-top: solid 1px;\"><span style=\"font-size: 14pt;\">Implementaci\u00f3n de una plataforma ERP para la <strong style=\"font-weight: bolder; color: black;\">automatizaci\u00f3n de procesos<\/strong>, operaciones diarias, CRM y gesti\u00f3n de tareas de Redalyc.<\/span><\/div>\n<\/div>\n<div style=\"border-top: solid 1px;\"><img decoding=\"async\" src=\"https:\/\/amelica.org\/wp-content\/uploads\/2022\/12\/120esp.png\" alt=\"\" \/><\/div>\n<div style=\"width: 100%;\"><\/div>\n<div style=\"width: 100%; background-color: #f2f2f2;\"><img loading=\"lazy\" decoding=\"async\" class=\"alignnone wp-image-12556 size-full\" src=\"https:\/\/amelica.org\/wp-content\/uploads\/2022\/12\/estadisesp.png\" alt=\"\" width=\"2371\" height=\"1644\" srcset=\"https:\/\/amelica.org\/wp-content\/uploads\/2022\/12\/estadisesp.png 2371w, https:\/\/amelica.org\/wp-content\/uploads\/2022\/12\/estadisesp-300x208.png 300w, https:\/\/amelica.org\/wp-content\/uploads\/2022\/12\/estadisesp-1024x710.png 1024w, https:\/\/amelica.org\/wp-content\/uploads\/2022\/12\/estadisesp-768x533.png 768w, https:\/\/amelica.org\/wp-content\/uploads\/2022\/12\/estadisesp-1536x1065.png 1536w, https:\/\/amelica.org\/wp-content\/uploads\/2022\/12\/estadisesp-2048x1420.png 2048w\" sizes=\"(max-width: 2371px) 100vw, 2371px\" \/><\/div>\n<\/div>\n<div><\/div>\n<p>&nbsp;<\/p>\n<div style=\"width: 50%; height: 92px; background-color: #e5ad70;\"><img loading=\"lazy\" decoding=\"async\" class=\"alignleft\" src=\"https:\/\/amelica.org\/wp-content\/uploads\/2022\/12\/logo2-1.png\" width=\"73\" height=\"89\" \/><br \/>\n<strong><span style=\"color: #ffffff; font-size: 14pt;\">VISIBILIDAD Y DESCUBRIMIENTO<\/span><\/strong><\/div>\n<div style=\"width: 99%; border-top: solid 10px #e5ad70; border-left: solid 1px; border-bottom: solid 1px; border-right: solid 1px;\">\n<div style=\"width: 100%; display: grid; grid-template-columns: 50% 50%;\">\n<div style=\"border-right: solid 1px;\"><img loading=\"lazy\" decoding=\"async\" class=\"alignnone wp-image-12512 size-full\" src=\"https:\/\/amelica.org\/wp-content\/uploads\/2022\/12\/consolidacion2esp.png\" alt=\"\" width=\"1123\" height=\"888\" srcset=\"https:\/\/amelica.org\/wp-content\/uploads\/2022\/12\/consolidacion2esp.png 1123w, https:\/\/amelica.org\/wp-content\/uploads\/2022\/12\/consolidacion2esp-300x237.png 300w, https:\/\/amelica.org\/wp-content\/uploads\/2022\/12\/consolidacion2esp-1024x810.png 1024w, https:\/\/amelica.org\/wp-content\/uploads\/2022\/12\/consolidacion2esp-768x607.png 768w\" sizes=\"(max-width: 1123px) 100vw, 1123px\" \/><\/div>\n<div><img loading=\"lazy\" decoding=\"async\" class=\"alignnone wp-image-12509 size-full\" src=\"https:\/\/amelica.org\/wp-content\/uploads\/2022\/12\/consolidacion1eng.png\" alt=\"\" width=\"1123\" height=\"888\" srcset=\"https:\/\/amelica.org\/wp-content\/uploads\/2022\/12\/consolidacion1eng.png 1123w, https:\/\/amelica.org\/wp-content\/uploads\/2022\/12\/consolidacion1eng-300x237.png 300w, https:\/\/amelica.org\/wp-content\/uploads\/2022\/12\/consolidacion1eng-1024x810.png 1024w, https:\/\/amelica.org\/wp-content\/uploads\/2022\/12\/consolidacion1eng-768x607.png 768w\" sizes=\"(max-width: 1123px) 100vw, 1123px\" \/><\/div>\n<\/div>\n<\/div>\n<div><\/div>\n<p>&nbsp;<\/p>\n<div style=\"width: 50%; height: 92px; background-color: #e26a22;\">\n<p><img loading=\"lazy\" decoding=\"async\" class=\"alignleft\" src=\"https:\/\/amelica.org\/wp-content\/uploads\/2022\/12\/logo3-1.png\" width=\"73\" height=\"89\" \/><\/p>\n<p>&nbsp;<\/p>\n<p><span style=\"font-size: 14pt;\"><strong><span style=\"color: #ffffff;\">CREACI\u00d3N DE CAPACIDAD DE\u00a0LAS REVISTAS<\/span><\/strong><\/span><\/p>\n<\/div>\n<div style=\"width: 99%; border-top: solid 10px #e26a22; border-left: solid 1px; border-bottom: solid 1px; border-right: solid 1px;\">\n<div style=\"width: 100%; display: grid; grid-template-columns: 50% 50%;\">\n<div style=\"grid-column-start: 1; grid-column-end: none;\"><a href=\"http:\/\/marcalyc.redalyc.org\/\"><img decoding=\"async\" src=\"https:\/\/amelica.org\/wp-content\/uploads\/2022\/12\/marcalyc.png\" alt=\"\" \/><\/a><\/div>\n<div><img loading=\"lazy\" decoding=\"async\" class=\"wp-image-12512 alignleft\" src=\"https:\/\/amelica.org\/wp-content\/uploads\/2022\/12\/marcalyc1.png\" width=\"177\" height=\"116\" \/><br \/>\n<span style=\"font-size: 14pt;\">revistas capacitadas en temas de producci\u00f3n editorial y marcaci\u00f3n XML JATS<\/span><\/div>\n<div><img loading=\"lazy\" decoding=\"async\" class=\"alignleft\" src=\"https:\/\/amelica.org\/wp-content\/uploads\/2022\/12\/marcalyc2.png\" width=\"177\" height=\"116\" \/><br \/>\n<span style=\"font-size: 14pt;\">personas de equipos editoriales de revistas fueron capacitados en sistema de marcaci\u00f3n y XML JATS<\/span><\/div>\n<\/div>\n<\/div>\n<p>&nbsp;<\/p>\n<div><\/div>\n<div><\/div>\n<div><\/div>\n<div><\/div>\n<p>&nbsp;<\/p>\n<div style=\"width: 50%; height: 92px; background-color: #bb3c23;\"><img loading=\"lazy\" decoding=\"async\" class=\"alignleft\" src=\"https:\/\/amelica.org\/wp-content\/uploads\/2022\/12\/logo4.png\" width=\"73\" height=\"89\" \/><br \/>\n<strong><span style=\"color: #ffffff; font-size: 14pt;\">TRANSICI\u00d3N DIGITAL<\/span><\/strong><\/div>\n<div style=\"width: 99%; border-top: solid 10px #bb3c23; border-left: solid 1px; border-bottom: solid 1px; border-right: solid 1px;\">\n<div style=\"width: 100%; display: grid; grid-template-columns: 50% 50%;\">\n<div style=\"border-right: solid 1px;\"><img loading=\"lazy\" decoding=\"async\" class=\"alignnone wp-image-12512 size-full\" src=\"https:\/\/amelica.org\/wp-content\/uploads\/2022\/12\/transcicion1esp.png\" alt=\"\" width=\"1123\" height=\"888\" \/><\/div>\n<div><img loading=\"lazy\" decoding=\"async\" class=\"alignnone wp-image-12509 size-full\" src=\"https:\/\/amelica.org\/wp-content\/uploads\/2022\/12\/transcicion2esp.png\" alt=\"\" width=\"1123\" height=\"888\" \/><\/div>\n<\/div>\n<\/div>\n<div><\/div>\n<div><\/div>\n<div><\/div>\n<div><\/div>\n<p>&nbsp;<\/p>\n<div style=\"width: 50%; height: 92px; background-color: #ff9901;\"><img loading=\"lazy\" decoding=\"async\" class=\"alignleft\" src=\"https:\/\/amelica.org\/wp-content\/uploads\/2022\/12\/logo5.png\" width=\"73\" height=\"89\" \/><br \/>\n<span style=\"font-size: 14pt;\"><strong><span style=\"color: #ffffff;\">SOSTENIBILIDAD DE REDALYC Y\u00a0AMELICA<\/span><\/strong><\/span><\/div>\n<div style=\"width: 99%; border-top: solid 10px #ff9901; border-left: solid 1px; border-bottom: solid 1px; border-right: solid 1px;\">\n<p><a href=\"https:\/\/redalyc.org\/redalyc\/acerca-de\/scoss.html\"><img loading=\"lazy\" decoding=\"async\" class=\"alignnone wp-image-12558 size-full\" src=\"https:\/\/amelica.org\/wp-content\/uploads\/2022\/12\/scoss.png\" alt=\"\" width=\"2371\" height=\"269\" srcset=\"https:\/\/amelica.org\/wp-content\/uploads\/2022\/12\/scoss.png 2371w, https:\/\/amelica.org\/wp-content\/uploads\/2022\/12\/scoss-300x34.png 300w, https:\/\/amelica.org\/wp-content\/uploads\/2022\/12\/scoss-1024x116.png 1024w, https:\/\/amelica.org\/wp-content\/uploads\/2022\/12\/scoss-768x87.png 768w, https:\/\/amelica.org\/wp-content\/uploads\/2022\/12\/scoss-1536x174.png 1536w, https:\/\/amelica.org\/wp-content\/uploads\/2022\/12\/scoss-2048x232.png 2048w\" sizes=\"(max-width: 2371px) 100vw, 2371px\" \/><\/a><\/p>\n<p style=\"padding: 20px 20%; text-align: left;\"><span style=\"font-size: 14pt;\">Obtenci\u00f3n de fondos a trav\u00e9s de <strong style=\"font-weight: bolder; color: black;\">Arcadia y SCOSS<\/strong>, utilizados para invertir en infraestructura t\u00e9cnica y contribuir a la sostenibilidad de la publicaci\u00f3n en Acceso Abierto Diamante.<\/span><\/p>\n<\/div>\n<div><\/div>\n<div><\/div>\n<div><\/div>\n<div><\/div>\n<div><\/div>\n<p>&nbsp;<\/p>\n<div style=\"width: 50%; height: 92px; background-color: #ff5733;\"><img loading=\"lazy\" decoding=\"async\" class=\"alignleft\" src=\"https:\/\/amelica.org\/wp-content\/uploads\/2022\/12\/logo6.png\" width=\"73\" height=\"89\" \/><br \/>\n<strong><span style=\"color: #ffffff; font-size: 14pt;\">CONSOLIDACI\u00d3N DEL MODELO DE AA DIAMANTE<\/span><\/strong><\/div>\n<div style=\"width: 99%; border-top: solid 10px #ff5733; border-left: solid 1px; border-bottom: solid 1px; border-right: solid 1px;\">\n<div style=\"width: 100%; display: grid; grid-template-columns: 50% 50%;\">\n<div style=\"border-right: solid 1px;\">\n<p><img loading=\"lazy\" decoding=\"async\" class=\"alignnone wp-image-12568 size-full\" src=\"https:\/\/amelica.org\/wp-content\/uploads\/2022\/12\/angolaEsp.jpg\" alt=\"\" width=\"539\" height=\"272\" srcset=\"https:\/\/amelica.org\/wp-content\/uploads\/2022\/12\/angolaEsp.jpg 539w, https:\/\/amelica.org\/wp-content\/uploads\/2022\/12\/angolaEsp-300x151.jpg 300w\" sizes=\"(max-width: 539px) 100vw, 539px\" \/><\/p>\n<div style=\"padding: 20px;\"><span style=\"font-size: 14pt;\">Proyecto de colaboraci\u00f3n entre <strong style=\"font-weight: bolder; color: black;\">Redalyc\u00a0UAEM, AmeliCA, MESCTI y la Universidade\u00a0\u00d3scar Ribas<\/strong>, financiado por UNESCO, para\u00a0el desarrollo de una estrategia de Acceso\u00a0Abierto no comercial en Angola.<\/span><\/div>\n<\/div>\n<div>\n<div><\/div>\n<div style=\"padding: 20px; border-bottom: solid 1px;\"><span style=\"font-size: 14pt;\"><img loading=\"lazy\" decoding=\"async\" class=\"alignnone wp-image-12571 size-full\" src=\"https:\/\/amelica.org\/wp-content\/uploads\/2022\/12\/clacsoEsp-1.jpg\" alt=\"\" width=\"539\" height=\"180\" srcset=\"https:\/\/amelica.org\/wp-content\/uploads\/2022\/12\/clacsoEsp-1.jpg 539w, https:\/\/amelica.org\/wp-content\/uploads\/2022\/12\/clacsoEsp-1-300x100.jpg 300w\" sizes=\"(max-width: 539px) 100vw, 539px\" \/>Co-coordinaci\u00f3n del Grupo de Trabajo CLACSO \u201cConocimiento Abierto como Bien Com\u00fan\u201d, con\u00a0<\/span><span style=\"font-size: 14pt;\">la\u00a0 participaci\u00f3n de 26 investigadores adscritos a 13 instituciones de 9 pa\u00edses.<\/span><\/div>\n<div style=\"display: grid; grid-template-columns: 50% 50%;\">\n<div style=\"padding: 20px; text-align: center;\"><strong style=\"font-weight: bolder; color: black;\"><span style=\"font-size: 36pt; color: #ff0000;\">2 <\/span><\/strong><span style=\"font-size: 14pt;\">art\u00edculos cient\u00edficos<\/span><\/div>\n<div style=\"padding: 20px; text-align: center;\"><strong style=\"font-weight: bolder; color: black;\"><span style=\"color: #ff0000; font-size: 36pt;\">1 <\/span><\/strong><span style=\"font-size: 14pt;\">libro<\/span><\/div>\n<\/div>\n<\/div>\n<div style=\"padding: 20px; border-top: solid 1px; border-right: solid 1px;\"><span style=\"font-size: 14pt;\">Implementaci\u00f3n de la Metodolog\u00eda para la evaluaci\u00f3n de la ciencia en Acceso Abierto Diamante, m\u00e9tricas e indicadores Redalyc.<\/span><\/div>\n<div style=\"padding: 20px; border-top: 1px solid; text-align: center;\"><span style=\"font-size: 36pt;\"><strong style=\"font-weight: bolder; color: black;\"><span style=\"color: #ff0000;\">54<\/span> <\/strong><\/span><span style=\"font-size: 14pt;\">participaciones en conferencias internacionales<\/span><\/div>\n<\/div>\n<\/div>\n","protected":false},"excerpt":{"rendered":"<p>VISIBILIDAD Y DESCUBRIMIENTO Nuevos acuerdos de indexaci\u00f3n de revistas\u00a0firmados con instituciones de Angola,\u00a0Argentina, Australia, Brasil, Colombia,\u00a0Costa Rica, Ecuador, India, Lituania, M\u00e9xico,\u00a0Paraguay, Per\u00fa, Polonia, Portugal, Serbia,\u00a0Espa\u00f1a, Suiza y Turqu\u00eda. Se lanz\u00f3 el programa WorkspaceDOA, un esfuerzo colectivo para apoyar las revistas de AA Diamante en todo el mundo. Proyecto coordinado que integra los servicios actuales de [&hellip;]<\/p>\n","protected":false},"author":26,"featured_media":12459,"comment_status":"open","ping_status":"open","sticky":false,"template":"","format":"standard","meta":{"_mi_skip_tracking":false,"_monsterinsights_sitenote_active":false,"_monsterinsights_sitenote_note":"","_monsterinsights_sitenote_category":0,"footnotes":""},"categories":[551,1],"tags":[],"aioseo_notices":[],"_links":{"self":[{"href":"https:\/\/amelica.org\/index.php\/wp-json\/wp\/v2\/posts\/12456"}],"collection":[{"href":"https:\/\/amelica.org\/index.php\/wp-json\/wp\/v2\/posts"}],"about":[{"href":"https:\/\/amelica.org\/index.php\/wp-json\/wp\/v2\/types\/post"}],"author":[{"embeddable":true,"href":"https:\/\/amelica.org\/index.php\/wp-json\/wp\/v2\/users\/26"}],"replies":[{"embeddable":true,"href":"https:\/\/amelica.org\/index.php\/wp-json\/wp\/v2\/comments?post=12456"}],"version-history":[{"count":1,"href":"https:\/\/amelica.org\/index.php\/wp-json\/wp\/v2\/posts\/12456\/revisions"}],"predecessor-version":[{"id":14655,"href":"https:\/\/amelica.org\/index.php\/wp-json\/wp\/v2\/posts\/12456\/revisions\/14655"}],"wp:featuredmedia":[{"embeddable":true,"href":"https:\/\/amelica.org\/index.php\/wp-json\/wp\/v2\/media\/12459"}],"wp:attachment":[{"href":"https:\/\/amelica.org\/index.php\/wp-json\/wp\/v2\/media?parent=12456"}],"wp:term":[{"taxonomy":"category","embeddable":true,"href":"https:\/\/amelica.org\/index.php\/wp-json\/wp\/v2\/categories?post=12456"},{"taxonomy":"post_tag","embeddable":true,"href":"https:\/\/amelica.org\/index.php\/wp-json\/wp\/v2\/tags?post=12456"}],"curies":[{"name":"wp","href":"https:\/\/api.w.org\/{rel}","templated":true}]}}