   

    

    

    {"id":12445,"date":"2022-12-05T14:26:25","date_gmt":"2022-12-05T20:26:25","guid":{"rendered":"http:\/\/amelica.org\/?p=12445"},"modified":"2023-09-26T15:41:36","modified_gmt":"2023-09-26T15:41:36","slug":"colaboracion-regional-para-la-visibilizacion-de-la-ciencia-iberoamericana","status":"publish","type":"post","link":"https:\/\/amelica.org\/index.php\/2022\/12\/05\/colaboracion-regional-para-la-visibilizacion-de-la-ciencia-iberoamericana\/","title":{"rendered":"Colaboraci\u00f3n regional para la visibilizaci\u00f3n de la ciencia iberoamericana."},"content":{"rendered":"<p style=\"text-align: center;\"><span style=\"font-size: 18pt;\"><b>Conclusiones y recomendaciones del grupo de trabajo sobre publicaciones cient\u00edficas y difusi\u00f3n de la ciencia<\/b><\/span><\/p>\n<p>El grupo de trabajo sobre publicaciones cient\u00edficas y difusi\u00f3n de la ciencia integrado por Latindex, LA Referencia, Redalyc, SciELO, Dialnet, CSIC y FECYT tuvo un encuentro el 2 de noviembre de 2022 en el marco de la V Reuni\u00f3n de Ministras, Ministros y Altas Autoridades de Ciencia, Tecnolog\u00eda e Innovaci\u00f3n de Iberoam\u00e9rica.<\/p>\n<p>En el evento promovido por el Espacio Iberoamericano del Conocimiento de la Secretar\u00eda General Iberoamericana y coordinado por Elea Gim\u00e9nez Toledo, el grupo de trabajo dio sus recomendaciones y conclusiones sobre las publicaciones cient\u00edficas y difusi\u00f3n de la ciencia, y discuti\u00f3 sobre los retos y las propuestas que se plantean desde los sistemas de informaci\u00f3n cient\u00edfica de Iberoam\u00e9rica.<\/p>\n<p>Con estas conclusiones y recomendaciones que se presentan, el grupo busca informar la visi\u00f3n acerca de los sistemas de informaci\u00f3n cient\u00edfica, los retos y obst\u00e1culos para lograr el conocimiento como bien com\u00fan y qu\u00e9 ventajas tendr\u00e1n los gobiernos si le prestan atenci\u00f3n a esto.<\/p>\n\n","protected":false},"excerpt":{"rendered":"<p>Conclusiones y recomendaciones del grupo de trabajo sobre publicaciones cient\u00edficas y difusi\u00f3n de la ciencia El grupo de trabajo sobre publicaciones cient\u00edficas y difusi\u00f3n de la ciencia integrado por Latindex, LA Referencia, Redalyc, SciELO, Dialnet, CSIC y FECYT tuvo un encuentro el 2 de noviembre de 2022 en el marco de la V Reuni\u00f3n de [&hellip;]<\/p>\n","protected":false},"author":23,"featured_media":12452,"comment_status":"open","ping_status":"open","sticky":false,"template":"","format":"standard","meta":{"_mi_skip_tracking":false,"_monsterinsights_sitenote_active":false,"_monsterinsights_sitenote_note":"","_monsterinsights_sitenote_category":0,"footnotes":""},"categories":[203,1],"tags":[204,477,547,549],"aioseo_notices":[],"_links":{"self":[{"href":"https:\/\/amelica.org\/index.php\/wp-json\/wp\/v2\/posts\/12445"}],"collection":[{"href":"https:\/\/amelica.org\/index.php\/wp-json\/wp\/v2\/posts"}],"about":[{"href":"https:\/\/amelica.org\/index.php\/wp-json\/wp\/v2\/types\/post"}],"author":[{"embeddable":true,"href":"https:\/\/amelica.org\/index.php\/wp-json\/wp\/v2\/users\/23"}],"replies":[{"embeddable":true,"href":"https:\/\/amelica.org\/index.php\/wp-json\/wp\/v2\/comments?post=12445"}],"version-history":[{"count":1,"href":"https:\/\/amelica.org\/index.php\/wp-json\/wp\/v2\/posts\/12445\/revisions"}],"predecessor-version":[{"id":14255,"href":"https:\/\/amelica.org\/index.php\/wp-json\/wp\/v2\/posts\/12445\/revisions\/14255"}],"wp:featuredmedia":[{"embeddable":true,"href":"https:\/\/amelica.org\/index.php\/wp-json\/wp\/v2\/media\/12452"}],"wp:attachment":[{"href":"https:\/\/amelica.org\/index.php\/wp-json\/wp\/v2\/media?parent=12445"}],"wp:term":[{"taxonomy":"category","embeddable":true,"href":"https:\/\/amelica.org\/index.php\/wp-json\/wp\/v2\/categories?post=12445"},{"taxonomy":"post_tag","embeddable":true,"href":"https:\/\/amelica.org\/index.php\/wp-json\/wp\/v2\/tags?post=12445"}],"curies":[{"name":"wp","href":"https:\/\/api.w.org\/{rel}","templated":true}]}}