   

    

    

    {"id":11390,"date":"2020-09-24T09:08:50","date_gmt":"2020-09-24T14:08:50","guid":{"rendered":"http:\/\/amelica.org\/?p=11390"},"modified":"2023-12-04T10:33:37","modified_gmt":"2023-12-04T16:33:37","slug":"la-posicion-de-redalyc-compartida-en-la-consulta-regional-sobre-la-recomendacion-en-ciencia-abierta-de-la-unesco-america-latina-y-el-caribe","status":"publish","type":"post","link":"https:\/\/amelica.org\/index.php\/2020\/09\/24\/la-posicion-de-redalyc-compartida-en-la-consulta-regional-sobre-la-recomendacion-en-ciencia-abierta-de-la-unesco-america-latina-y-el-caribe\/","title":{"rendered":"La posici\u00f3n de Redalyc compartida en la Consulta Regional sobre la Recomendaci\u00f3n en Ciencia Abierta de la UNESCO &#8211; Am\u00e9rica Latina y el Caribe"},"content":{"rendered":"<p style=\"text-align: right;\">Presentado por Arianna Becerril Garc\u00eda.<\/p>\n<p>El sistema de comunicaci\u00f3n cient\u00edfica mundial ha mostrado muy poco \u00e9xito en lograr que la ciencia sea una conversaci\u00f3n global, participativa, equitativa e incluyente. La llamada \u201cCiencia de Corriente Principal\u201d se ha caracterizado por ser un medio donde las editoriales comerciales han encarecido y restringido hist\u00f3ricamente el acceso a la ciencia, pero adem\u00e1s porque ellas han sido juez y parte, en un sistema donde sus publicaciones son las mejores posicionadas por los sistemas de prestigio que ellas han creado.<\/p>\n<p><strong>El AA hoy en d\u00eda est\u00e1 consolidando el problema que se supon\u00eda deb\u00eda combatir.<\/strong> Debemos alertar a nuestros pa\u00edses que un nuevo panorama de exclusi\u00f3n se est\u00e1 aceleradamente generando. El acceso abierto proveniente del lado comercial y abanderado por el traslado de los cobros-por-leer a los cobros-por-publicar no solo est\u00e1 arraigando la exclusi\u00f3n de los pa\u00edses con menos recursos sino que la est\u00e1 sistematizando.<\/p>\n<p>Am\u00e9rica Latina ha demostrado que el sector acad\u00e9mico se puede hacer cargo no s\u00f3lo de la generaci\u00f3n del conocimiento sino tambi\u00e9n de su difusi\u00f3n, en un sistema que se apalanca por la <u>cooperaci\u00f3n<\/u>, <strong>caracter\u00edstica intr\u00ednseca al \u00e1mbito acad\u00e9mico y de investigaci\u00f3n<\/strong>.<\/p>\n<p>Para Redalyc, la ciencia debe ser un bien p\u00fablico, y el acceso a ella, un derecho universal. Es por ello\u00a0que tasa sus esfuerzos en fortalecer el modelo de publicaci\u00f3n propiedad de la academia, con la visi\u00f3n de que las actuales tecnolog\u00edas de informaci\u00f3n pueden contribuir a la sostenibilidad del AA.<\/p>\n<p>El Acceso Abierto no comercial no tiene futuro sin la evoluci\u00f3n de los sistemas de evaluaci\u00f3n, que en muchos pa\u00edses est\u00e1n adoptando estrategias donde las revistas que son editadas por sus instituciones encuentran una clara desventaja, <strong>ya que sus canales de circulaci\u00f3n y medios de legitimaci\u00f3n son considerados regionales o perif\u00e9ricos<\/strong>. As\u00ed se est\u00e1n dirigiendo a los investigadores a publicar en un sistema <strong>insostenible<\/strong>, dejando atr\u00e1s la publicaci\u00f3n anclada a la academia y las plataformas no comerciales, las cuales conforman un ecosistema inherentemente abierto que necesita ser fortalecido pero sobretodo revalorado.<\/p>\n<p>La consolidaci\u00f3n del Acceso Abierto exige, adem\u00e1s, la transici\u00f3n tecnol\u00f3gica en todo su potencial, pasando por la web sem\u00e1ntica o la IA, para alcanzar visibilidad org\u00e1nica fuera de canales propietarios, y para dotar a la ciencia publicada de capacidades para insertarse en la base de inteligencia colectiva habilitada por la Web.<\/p>\n<p>Los mecanismos de propiedad intelectual deben desarrollarse para regular el fen\u00f3meno de liberar el conocimiento con fines comerciales <strong>en un contexto de inequidad<\/strong>, donde los que m\u00e1s concentran \u00a0son los que mayor capacidad de explotaci\u00f3n tienen, obteniendo <strong>del circuito acad\u00e9mico recursos sustanciales para fortalecer la educaci\u00f3n y la investigaci\u00f3n<\/strong>.<\/p>\n<p>Las soluciones legales, t\u00e9cnicas y econ\u00f3micas que se dise\u00f1en en el espectro de Ciencia Abierta, deber\u00e1n ser contundentes para permitir que <u>la academia controle la circulaci\u00f3n de su principal activo<\/u>: <strong>el conocimiento<\/strong>, porque s\u00f3lo la academia puede garantizar que su beneficio se deba a la sociedad, al desarrollo de la ciencia y al progreso de la humanidad.<\/p>\n<p>Informaci\u00f3n sobre la Consulta Regional sobre la Recomendaci\u00f3n en Ciencia Abierta de la UNESCO &#8211; Am\u00e9rica Latina y el Caribe <span style=\"color: #1b9280;\"><a style=\"color: #1b9280;\" href=\"https:\/\/events.unesco.org\/event?id=1169217678&amp;lang=3082\">aqu\u00ed<\/a>.<\/span><\/p>\n","protected":false},"excerpt":{"rendered":"<p>Presentado por Arianna Becerril Garc\u00eda. El sistema de comunicaci\u00f3n cient\u00edfica mundial ha mostrado muy poco \u00e9xito en lograr que la ciencia sea una conversaci\u00f3n global, participativa, equitativa e incluyente. La llamada \u201cCiencia de Corriente Principal\u201d se ha caracterizado por ser un medio donde las editoriales comerciales han encarecido y restringido hist\u00f3ricamente el acceso a la [&hellip;]<\/p>\n","protected":false},"author":26,"featured_media":11466,"comment_status":"open","ping_status":"open","sticky":false,"template":"","format":"standard","meta":{"_mi_skip_tracking":false,"_monsterinsights_sitenote_active":false,"_monsterinsights_sitenote_note":"","_monsterinsights_sitenote_category":0,"footnotes":""},"categories":[203],"tags":[],"aioseo_notices":[],"_links":{"self":[{"href":"https:\/\/amelica.org\/index.php\/wp-json\/wp\/v2\/posts\/11390"}],"collection":[{"href":"https:\/\/amelica.org\/index.php\/wp-json\/wp\/v2\/posts"}],"about":[{"href":"https:\/\/amelica.org\/index.php\/wp-json\/wp\/v2\/types\/post"}],"author":[{"embeddable":true,"href":"https:\/\/amelica.org\/index.php\/wp-json\/wp\/v2\/users\/26"}],"replies":[{"embeddable":true,"href":"https:\/\/amelica.org\/index.php\/wp-json\/wp\/v2\/comments?post=11390"}],"version-history":[{"count":4,"href":"https:\/\/amelica.org\/index.php\/wp-json\/wp\/v2\/posts\/11390\/revisions"}],"predecessor-version":[{"id":14644,"href":"https:\/\/amelica.org\/index.php\/wp-json\/wp\/v2\/posts\/11390\/revisions\/14644"}],"wp:featuredmedia":[{"embeddable":true,"href":"https:\/\/amelica.org\/index.php\/wp-json\/wp\/v2\/media\/11466"}],"wp:attachment":[{"href":"https:\/\/amelica.org\/index.php\/wp-json\/wp\/v2\/media?parent=11390"}],"wp:term":[{"taxonomy":"category","embeddable":true,"href":"https:\/\/amelica.org\/index.php\/wp-json\/wp\/v2\/categories?post=11390"},{"taxonomy":"post_tag","embeddable":true,"href":"https:\/\/amelica.org\/index.php\/wp-json\/wp\/v2\/tags?post=11390"}],"curies":[{"name":"wp","href":"https:\/\/api.w.org\/{rel}","templated":true}]}}