   

    

    

    {"id":11129,"date":"2020-06-23T19:05:07","date_gmt":"2020-06-24T00:05:07","guid":{"rendered":"http:\/\/amelica.org\/?p=11129"},"modified":"2023-09-25T16:01:46","modified_gmt":"2023-09-25T16:01:46","slug":"enquete-para-periodicos-cientificos-sobre-infraestrutura-que-mantem-o-acesso-aberto-na-america-latina","status":"publish","type":"post","link":"https:\/\/amelica.org\/index.php\/pt\/2020\/06\/23\/enquete-para-periodicos-cientificos-sobre-infraestrutura-que-mantem-o-acesso-aberto-na-america-latina\/","title":{"rendered":"Enquete para peri\u00f3dicos cient\u00edficos  sobre infraestrutura que mant\u00e9m o Acesso Aberto  na Am\u00e9rica Latina"},"content":{"rendered":"<p><span style=\"text-align: center; font-family: 'Trebuchet MS', Geneva; color: #e98020; font-weight: normal; font-size: 24px; padding-left: 28px; position: relative; margin-top: 25px; margin-bottom: 25px; border-radius: 3px; line-height: 1.4;\">Pelo fortalecimento do Acesso aberto n\u00e3o comercial, prezado editor, participe!<\/span><\/p>\n<p>A Am\u00e9rica Latina distingue-se pela constru\u00e7\u00e3o de um modelo de comunica\u00e7\u00e3o cient\u00edfica de Acesso Aberto n\u00e3o comercial que tema a sua base a coopera\u00e7\u00e3o desde universidades e governo, os quais d\u00e3o sustentabilidade \u00e0 publica\u00e7\u00e3o em peri\u00f3dicos cient\u00edficos, plataformas e reposit\u00f3rios que em conjunto conformam uma infraestrutura coletivamente sustentada e onde os recursos p\u00fabicos desempenham um papel importante.<\/p>\n<p>No entanto, <span style=\"color: #f76600;\">\u00e9 fundamental quantificar o investimento neste sistema regional, a distribui\u00e7\u00e3o de custos e os atores envolvidos; com o objetivo de mostrar a complexidade do esquema cooperativo e a sua evolu\u00e7\u00e3o. &lt;\/span &gt;<\/span><\/p>\n<p>Em um contexto em que o dom\u00ednio da ind\u00fastria comercial de publica\u00e7\u00f5es cient\u00edficas est\u00e1 ganhando terreno e transferindo os custos de leitura com para os custos de publica\u00e7\u00e3o, \u00e9 importante oferecer evid\u00eancia s\u00f3lida sobre a infraestrutura que mant\u00e9m os modelos de publica\u00e7\u00e3o n\u00e3o comerciais e assim melhorar o entendimento acerca deles em uma escala global. Assim,<span style=\"color: #f76600;\">pretende-se contribuir na identifica\u00e7\u00e3o dos canais e as estrat\u00e9gias para fortalecer e preservar o Acesso aberto n\u00e3o comercial, o qual permite uma comunica\u00e7\u00e3o cient\u00edfica inclusiva e equitativa.<\/span><\/p>\n<p>A enquete para editores de peri\u00f3dicos cient\u00edficos, dispon\u00edvel <span style=\"color: #1b9280;\"><a style=\"color: #1b9280;\" href=\"https:\/\/es.surveymonkey.com\/r\/accesoabiertolatam?lang=pt\" target=\"_blank\" rel=\"noopener\">aqui,<\/a><\/span> permitir\u00e1 documentar a infraestrutura (recursos e modelo de neg\u00f3cio) que mant\u00e9m aos peri\u00f3dicos cient\u00edficos de Acesso Aberto na Am\u00e9rica Latina e ajudar\u00e1 na identifica\u00e7\u00e3o das suas necessidades e desafios. Os resultados ser\u00e3o parte de um informe que contribua na tomada de decis\u00f5es informadas e na promo\u00e7\u00e3o do fortalecimento do Acesso Aberto n\u00e3o comercial.<\/p>\n<p>A enquete \u00e9 realizada pelo Grupo de Trabalho CLACSO \u201cConhecimento Aberto como Bem comum\u201d e \u00e9 apoiada por Invest In Open Infraestructure (IOI), Redalyc, a Universidade Aut\u00f3noma do Estado de M\u00e9xico e AmeliCA. A enquete foi estruturada para ser resolvida em 14 minutos e <span style=\"color: #f76600;\">permanecer\u00e1 aberta at\u00e9 o 30 de julho 2020. <\/span><\/p>\n<p><a href=\"https:\/\/es.surveymonkey.com\/r\/accesoabiertolatam?lang=pt\" target=\"_blank\" rel=\"noopener\"><img decoding=\"async\" src=\"https:\/\/amelica.org\/wp-content\/uploads\/2020\/06\/cintillo-blog-amelica.png\" width=\"100%\" \/><\/a><\/p>\n","protected":false},"excerpt":{"rendered":"<p>Pelo fortalecimento do Acesso aberto n\u00e3o comercial, prezado editor, participe! A Am\u00e9rica Latina distingue-se pela constru\u00e7\u00e3o de um modelo de comunica\u00e7\u00e3o cient\u00edfica de Acesso Aberto n\u00e3o comercial que tema a sua base a coopera\u00e7\u00e3o desde universidades e governo, os quais d\u00e3o sustentabilidade \u00e0 publica\u00e7\u00e3o em peri\u00f3dicos cient\u00edficos, plataformas e reposit\u00f3rios que em conjunto conformam uma [&hellip;]<\/p>\n","protected":false},"author":23,"featured_media":11119,"comment_status":"open","ping_status":"open","sticky":false,"template":"","format":"standard","meta":{"_mi_skip_tracking":false,"_monsterinsights_sitenote_active":false,"_monsterinsights_sitenote_note":"","_monsterinsights_sitenote_category":0,"footnotes":""},"categories":[212],"tags":[],"aioseo_notices":[],"_links":{"self":[{"href":"https:\/\/amelica.org\/index.php\/wp-json\/wp\/v2\/posts\/11129"}],"collection":[{"href":"https:\/\/amelica.org\/index.php\/wp-json\/wp\/v2\/posts"}],"about":[{"href":"https:\/\/amelica.org\/index.php\/wp-json\/wp\/v2\/types\/post"}],"author":[{"embeddable":true,"href":"https:\/\/amelica.org\/index.php\/wp-json\/wp\/v2\/users\/23"}],"replies":[{"embeddable":true,"href":"https:\/\/amelica.org\/index.php\/wp-json\/wp\/v2\/comments?post=11129"}],"version-history":[{"count":2,"href":"https:\/\/amelica.org\/index.php\/wp-json\/wp\/v2\/posts\/11129\/revisions"}],"predecessor-version":[{"id":14038,"href":"https:\/\/amelica.org\/index.php\/wp-json\/wp\/v2\/posts\/11129\/revisions\/14038"}],"wp:featuredmedia":[{"embeddable":true,"href":"https:\/\/amelica.org\/index.php\/wp-json\/wp\/v2\/media\/11119"}],"wp:attachment":[{"href":"https:\/\/amelica.org\/index.php\/wp-json\/wp\/v2\/media?parent=11129"}],"wp:term":[{"taxonomy":"category","embeddable":true,"href":"https:\/\/amelica.org\/index.php\/wp-json\/wp\/v2\/categories?post=11129"},{"taxonomy":"post_tag","embeddable":true,"href":"https:\/\/amelica.org\/index.php\/wp-json\/wp\/v2\/tags?post=11129"}],"curies":[{"name":"wp","href":"https:\/\/api.w.org\/{rel}","templated":true}]}}