   

    

    

    {"id":10945,"date":"2020-04-03T16:21:21","date_gmt":"2020-04-03T22:21:21","guid":{"rendered":"http:\/\/amelica.org\/?p=10945"},"modified":"2023-12-04T10:24:27","modified_gmt":"2023-12-04T16:24:27","slug":"redalyc-y-sus-revistas-siempre-en-accesoabierto-no-solo-en-la-era-de-la-pandemia-del-covid19","status":"publish","type":"post","link":"https:\/\/amelica.org\/index.php\/2020\/04\/03\/redalyc-y-sus-revistas-siempre-en-accesoabierto-no-solo-en-la-era-de-la-pandemia-del-covid19\/","title":{"rendered":"Redalyc y sus revistas siempre en #AccesoAbierto, no s\u00f3lo en la era de la pandemia del Covid19"},"content":{"rendered":"<p><a href=\"https:\/\/twitter.com\/hashtag\/COVID19?src=hashtag_click\"><span style=\"color: #3366ff;\"><em><span style=\"color: #1b9280;\">#COVID19<\/span><\/em><\/span><\/a><em> Mientras la vida no sea el foco del sistema, seguiremos viendo grandes potencias indefensas ante contingencias de salud, porque la salud no genera ganancia econ\u00f3mica inmediata. El <\/em><span style=\"color: #1b9280;\"><a style=\"color: #1b9280;\" href=\"https:\/\/twitter.com\/hashtag\/AccesoAbierto?src=hashtag_click\"><em>#AccesoAbierto<\/em><\/a><\/span><em> tendr\u00e1 futuro hasta que se valore la vida sobre el capital <\/em><span style=\"color: #1b9280;\"><a style=\"color: #1b9280;\" href=\"https:\/\/twitter.com\/hashtag\/CienciaBienComun?src=hashtag_click\"><em>#CienciaBienComun<\/em><\/a><\/span><\/p>\n<p><em>@ariannabec<\/em><\/p>\n<p>Ante una contingencia mundial de salud, se refrenda la vital funci\u00f3n del Acceso Abierto: llevar el conocimiento a todos los rincones del mundo, permitir que la ciencia sea accesible r\u00e1pida y oportunamente para que su contribuci\u00f3n se refleje en la mejora de la calidad de vida humana, en salvar vidas y en el desarrollo de una mejor sociedad para todos. Iniciativas de Acceso Abierto como Redalyc UAEM desde hace 18 a\u00f1os trabajan con ese objetivo. Hoy, la alianza con AmeliCA\/Redalyc refrenda su compromiso con el Acceso Abierto y sigue desarrollando tecnolog\u00eda la cual aplica ahora a la diseminaci\u00f3n sem\u00e1ntica de los art\u00edculos publicados en tem\u00e1ticas de inter\u00e9s en epidemiolog\u00eda, pandemias y temas relacionados. <span style=\"color: #1b9280;\"><a style=\"color: #1b9280;\" href=\"https:\/\/twitter.com\/hashtag\/ElAccesoAbiertoSalvaVidas?src=hashtag_click\">#ElAccesoAbiertoSalvaVidas<\/a><\/span><\/p>\n<p><strong>Base del conocimiento:<\/strong><\/p>\n<p>Manteniendo nuestro compromiso con el<span style=\"color: #1b9280;\"><a style=\"color: #1b9280;\" href=\"https:\/\/twitter.com\/hashtag\/AccesoAbierto?src=hashtag_click\"> #AccesoAbierto<\/a><\/span>, se desarroll\u00f3 una Base de Conocimiento que contiene una representaci\u00f3n ontol\u00f3gica de contenido publicado en 6.557 art\u00edculos cient\u00edficos que incluye conceptos y relaciones sobre tem\u00e1ticas de inter\u00e9s en epidemiolog\u00eda, pandemias y temas relacionados, as\u00ed como sus atributos; un grafo dirigido utilizado como navegador tem\u00e1tico de contenido para acceder a los textos completos de los art\u00edculos; as\u00ed como tambi\u00e9n, un conjunto de datos disponibles en un punto de acceso SPARQL para consultar los resultados encontrados como parte de Linked Open Data. Le invitamos a consultar este buscador en <span style=\"color: #1b9280;\"><a style=\"color: #1b9280;\" href=\"https:\/\/amelica.org\/epidemics\/\">https:\/\/amelica.org\/epidemics\/<\/a><\/span><\/p>\n<div style=\"text-align: center;\"><a href=\"https:\/\/amelica.org\/epidemics\/\"><img decoding=\"async\" style=\"margin: 0 auto;\" src=\"https:\/\/amelica.org\/wp-content\/uploads\/2020\/04\/red-covid19.png\" width=\"900\" \/><\/a><\/div>\n<p>Becerril-Garc\u00eda, A. y Aguado-L\u00f3pez, E. (2020). Base de conocimiento en epidemias\/pandemias de revistas en ameliCA\/Redalyc. Disponible en: <span style=\"color: #1b9280;\"><a style=\"color: #1b9280;\" href=\"https:\/\/amelica.org\/epidemics\/\">https:\/\/amelica.org\/epidemics\/<\/a><\/span><\/p>\n<p><strong>Investigaciones sobre <\/strong><span style=\"color: #1b9280;\"><a style=\"color: #1b9280;\" href=\"https:\/\/twitter.com\/hashtag\/COVID19?src=hashtag_click\"><strong>#Covid19<\/strong><\/a><\/span><strong> en revistas Redalyc en <\/strong><strong><span style=\"color: #1b9280;\"><a style=\"color: #1b9280;\" href=\"https:\/\/twitter.com\/hashtag\/AccesoAbierto?src=hashtag_click\">#AccesoAbierto<\/a><\/span>:<\/strong><\/p>\n<p>Redalyc y sus revistas ponen a disposici\u00f3n de todos los \u00faltimos art\u00edculos cient\u00edficos publicados (o por publicar en el pr\u00f3ximo n\u00famero) con investigaciones sobre <span style=\"color: #1b9280;\"><a style=\"color: #1b9280;\" href=\"https:\/\/twitter.com\/hashtag\/COVID19?src=hashtag_click\">#Covid19<\/a> <a style=\"color: #1b9280;\" href=\"https:\/\/twitter.com\/hashtag\/ElAccesoAbiertoSalvaVidas?src=hashtag_click\">#ElAccesoAbiertoSalvaVidas<\/a><\/span><\/p>\n<div class=\"contenedor-menciones\">\n<div id=\"contenedor-img\" style=\"margin: 0px 15px;\"><img decoding=\"async\" src=\"https:\/\/amelica.org\/wp-content\/uploads\/2020\/04\/journal.jpg\" \/><\/div>\n<div id=\"contenedor-texto\">\n<div>\n<p id=\"titulo-mencionA\" class=\"texto\">Journal of Negative and no Positive results. Espa\u00f1a<\/p>\n<\/div>\n<div>\n<p class=\"texto-referencias\">Solera, J., T\u00e1rraga, P. (2020). La Atenci\u00f3n Primaria de Salud: M\u00e1s necesaria que nunca en la crisis del Coronavirus. Journal of Negative and no Positive results, 5(5), 468-472. https:\/\/doi.org\/10.19230\/jonnpr.3655<\/p>\n<\/div>\n<\/div>\n<\/div>\n<div class=\"contenedor-menciones\">\n<div id=\"contenedor-img\" style=\"margin: 0px 15px;\"><img decoding=\"async\" src=\"https:\/\/amelica.org\/wp-content\/uploads\/2020\/04\/journal.jpg\" \/><\/div>\n<div id=\"contenedor-texto\">\n<div>\n<p id=\"titulo-mencionA\" class=\"texto\">Journal of Negative and no Positive results. Espa\u00f1a<\/p>\n<\/div>\n<div>\n<p class=\"texto-referencias\">Culebras, J., J\u00e1uregui-Lobera, I., y Franco-L\u00f3pez, A. (2020). En la pandemia de COVID-19 no hay camas para todos, \u00bfa qui\u00e9n tratamos? Journal of Negative and no Positive results, 5(6). https:\/\/doi.org\/10.19230\/jonnpr.3664<\/p>\n<\/div>\n<\/div>\n<\/div>\n<div class=\"contenedor-menciones\">\n<div id=\"contenedor-img\" style=\"margin: 0px 15px;\"><img decoding=\"async\" src=\"https:\/\/amelica.org\/wp-content\/uploads\/2020\/04\/journal.jpg\" \/><\/div>\n<div id=\"contenedor-texto\">\n<div>\n<p id=\"titulo-mencionA\" class=\"texto tituloArticulos\">Journal of Negative and no Positive results. Espa\u00f1a<\/p>\n<\/div>\n<div>\n<p class=\"texto-referencias\">L\u00f3pez, M.A. (2020). Nacer en los tiempos del COVID-19. Journal of Negative and no Positive results, 5(6). https:\/\/doi.org\/10.19230\/jonnpr.3681<\/p>\n<\/div>\n<\/div>\n<\/div>\n<div class=\"contenedor-menciones\">\n<div id=\"contenedor-img\" style=\"margin: 0px 15px;\"><img decoding=\"async\" src=\"https:\/\/amelica.org\/wp-content\/uploads\/2020\/04\/journal.jpg\" \/><\/div>\n<div id=\"contenedor-texto\">\n<div>\n<p id=\"titulo-mencionA\" class=\"texto tituloArticulos\">Journal of Negative and no Positive results. Espa\u00f1a<\/p>\n<\/div>\n<div>\n<p class=\"texto-referencias\">Franco-L\u00f3pez, \u00c1. (2020). Reflexiones desde la trinchera; la radiolog\u00eda antes y despu\u00e9s del Covid-19. Journal of Negative and no Positive results, 5(6). https:\/\/doi.org\/10.19230\/jonnpr.3659<\/p>\n<\/div>\n<\/div>\n<\/div>\n<div class=\"contenedor-menciones\">\n<div id=\"contenedor-img\" style=\"margin: 0px 15px;\"><img decoding=\"async\" src=\"https:\/\/amelica.org\/wp-content\/uploads\/2020\/04\/journal.jpg\" \/><\/div>\n<div id=\"contenedor-texto\">\n<div>\n<p id=\"titulo-mencionA\" class=\"texto tituloArticulos\">Journal of Negative and no Positive results. Espa\u00f1a<\/p>\n<\/div>\n<div>\n<p class=\"texto-referencias\">Culebras, J. M. y Franco-L\u00f3pez, \u00c1. (2020). Los antihipertensivos no son perjudiciales en la infecci\u00f3n de COVID-19. Journal of Negative and no Positive results, 5(6). https:\/\/doi.org\/10.19230\/jonnpr.3742<\/p>\n<\/div>\n<\/div>\n<\/div>\n<div class=\"contenedor-menciones\">\n<div id=\"contenedor-img\" style=\"margin: 0px 15px;\"><img decoding=\"async\" src=\"https:\/\/amelica.org\/wp-content\/uploads\/2020\/04\/journal.jpg\" \/><\/div>\n<div id=\"contenedor-texto\">\n<div>\n<p id=\"titulo-mencionA\" class=\"texto tituloArticulos\">Journal of Negative and no Positive results. Espa\u00f1a<\/p>\n<\/div>\n<div>\n<p class=\"texto-referencias\">Rodr\u00edguez, C. (2020). Cinco retos psicol\u00f3gicos de la crisis del COVID-19. Journal of Negative and no Positive results, 5(6). https:\/\/doi.org\/10.19230\/jonnpr.3662<\/p>\n<\/div>\n<\/div>\n<\/div>\n<div class=\"contenedor-menciones\">\n<div id=\"contenedor-img\" style=\"margin: 0px 15px;\"><img decoding=\"async\" src=\"https:\/\/amelica.org\/wp-content\/uploads\/2020\/04\/journal.jpg\" \/><\/div>\n<div id=\"contenedor-texto\">\n<div>\n<p id=\"titulo-mencionA\" class=\"texto tituloArticulos\">Journal of Negative and no Positive results. Espa\u00f1a<\/p>\n<\/div>\n<div>\n<p class=\"texto-referencias\">Franco-L\u00f3pez, \u00c1., Escribano, J. y Vicente, N. (2020). Tromboembolismo Pulmonar en los pacientes con COVID-19. Angiograf\u00eda con tomograf\u00eda computarizada: resultados preliminares. Journal of Negative and no Positive results, 5(6).<\/p>\n<\/div>\n<\/div>\n<\/div>\n<div class=\"contenedor-menciones\">\n<div id=\"contenedor-img\" style=\"margin: 0px 15px;\"><img decoding=\"async\" src=\"https:\/\/amelica.org\/wp-content\/uploads\/2020\/04\/estomatologica.jpg\" \/><\/div>\n<div id=\"contenedor-texto\">\n<div>\n<p id=\"titulo-mencionA\" class=\"texto tituloArticulos\">Revista Estomatol\u00f3gica Herediana. Per\u00fa<\/p>\n<\/div>\n<div>\n<p class=\"texto-referencias\">Sacsaquispe-Contreras, S. (2020). Nuevo coronavirus 2019 (Covid-19): Consejos para el odont\u00f3logo. Revista Estomatol\u00f3gica Herediana, 30(1), 5-6. https:\/\/doi.org\/10.20453\/reh.v30i1.3671<\/p>\n<\/div>\n<\/div>\n<\/div>\n<div class=\"contenedor-menciones\">\n<div id=\"contenedor-img\" style=\"margin: 0px 15px;\"><img decoding=\"async\" src=\"https:\/\/amelica.org\/wp-content\/uploads\/2020\/04\/bjcvs.jpg\" \/><\/div>\n<div id=\"contenedor-texto\">\n<div>\n<p id=\"titulo-mencionA\" class=\"texto\">Revista Brasileira de Cirurgia Cardiovascular\/Brazilian Journal of Cardiovascular Surgery. Brasil<\/p>\n<\/div>\n<div>\n<p class=\"texto-referencias\">Barros, L., Rivetti, L., Furlanetto, B., Miranda, E., y Welikow, A. (2020). Covid-19: general guidelines for cardiovascular surgeons (standard guidelines \u2013 subject to change). Brazilian Journal of Cardiovascular Surgery, 35(2), I-III. https:\/\/doi.org\/10.21470\/1678-9741-1-2020-0604<\/p>\n<\/div>\n<\/div>\n<\/div>\n<div class=\"contenedor-menciones\">\n<div id=\"contenedor-img\" style=\"margin: 0px 15px;\"><img decoding=\"async\" src=\"https:\/\/amelica.org\/wp-content\/uploads\/2020\/04\/bjcvs.jpg\" \/><\/div>\n<div id=\"contenedor-texto\">\n<div>\n<p id=\"titulo-mencionA\" class=\"texto\">Revista Brasileira de Cirurgia Cardiovascular\/Brazilian Journal of Cardiovascular Surgery. Brasil<\/p>\n<\/div>\n<div>\n<p class=\"texto-referencias\">Del Giglio, M. y Tamagnini, G. (2020). Cardiac Surgery in the Time of Coronavirus. Brazilian Journal of Cardiovascular Surgery, 35(3), X-XI. https:\/\/doi.org\/10.21470\/1678-9741-2020-0161<\/p>\n<\/div>\n<\/div>\n<\/div>\n<div class=\"contenedor-menciones\">\n<div id=\"contenedor-img\" style=\"margin: 0px 15px;\"><img decoding=\"async\" src=\"https:\/\/amelica.org\/wp-content\/uploads\/2020\/04\/saludvis.jpg\" \/><\/div>\n<div id=\"contenedor-texto\">\n<div>\n<p id=\"titulo-mencionA\" class=\"texto\">Revista de la Universidad Industrial de Santander. Salud. Colombia<\/p>\n<\/div>\n<div>\n<p class=\"texto-referencias\">Pe\u00f1a-L., B. y Rinc\u00f3n-Orozco, B. (2020). Generalidades de la Pandemia por COVID-19 y su asociaci\u00f3n gen\u00e9tica con el virus del SARS. Revista de la Universidad Industrial de Santander. Salud, 52(2), 83-86. https:\/\/doi.org\/10.18273\/revsal.v52n2-2020001<\/p>\n<\/div>\n<\/div>\n<\/div>\n<div class=\"contenedor-menciones\">\n<div id=\"contenedor-img\" style=\"margin: 0px 15px;\"><img decoding=\"async\" src=\"https:\/\/amelica.org\/wp-content\/uploads\/2020\/04\/saludvis.jpg\" \/><\/div>\n<div id=\"contenedor-texto\">\n<div>\n<p id=\"titulo-mencionA\" class=\"texto\">Revista de la Universidad Industrial de Santander. Salud. Colombia<\/p>\n<\/div>\n<div>\n<p class=\"texto-referencias\">Irovo, A.J. (2020). Primeras lecciones de la pandemia de COVID-19 a la educaci\u00f3n m\u00e9dica colombiana. Revista de la Universidad Industrial de Santander. Salud, 52(2), 87-88. http:\/\/doi.org\/10.18273\/revsal.v52n2-2020002<\/p>\n<\/div>\n<\/div>\n<\/div>\n<div class=\"contenedor-menciones\">\n<div id=\"contenedor-img\" style=\"margin: 0px 15px;\"><img decoding=\"async\" src=\"https:\/\/amelica.org\/wp-content\/uploads\/2020\/04\/saludvis.jpg\" \/><\/div>\n<div id=\"contenedor-texto\">\n<div>\n<p id=\"titulo-mencionA\" class=\"texto\">Revista de la Universidad Industrial de Santander. Salud. Colombia<\/p>\n<\/div>\n<div>\n<p class=\"texto-referencias\">Ram\u00edrez, C.M. (2020). Coraz\u00f3n entre dos mundos \u201cfisicamente en la Toscana en situaci\u00f3n de pandemia Covid-19 y con el coraz\u00f3n en mis dos patrias: Italia y mi amada Colombia\u201d. Revista de la Universidad Industrial de Santander. Salud, 52(2), 165-168.<\/p>\n<\/div>\n<\/div>\n<\/div>\n<div class=\"contenedor-menciones\">\n<div id=\"contenedor-img\" style=\"margin: 0px 15px;\"><img decoding=\"async\" src=\"https:\/\/amelica.org\/wp-content\/uploads\/2020\/04\/saludvis.jpg\" \/><\/div>\n<div id=\"contenedor-texto\">\n<div>\n<p id=\"titulo-mencionA\" class=\"texto\">Revista de la Universidad Industrial de Santander. Salud. Colombia<\/p>\n<\/div>\n<div>\n<p class=\"texto-referencias\">Nieves, G. (2020). Covid, m\u00e1s all\u00e1 de una pandemia. Revista de la Universidad Industrial de Santander. Salud, 52(2), 175-176.<\/p>\n<\/div>\n<\/div>\n<\/div>\n<div class=\"contenedor-menciones\">\n<div id=\"contenedor-img\" style=\"margin: 0px 15px;\"><img decoding=\"async\" src=\"https:\/\/amelica.org\/wp-content\/uploads\/2020\/04\/saludvis.jpg\" \/><\/div>\n<div id=\"contenedor-texto\">\n<div>\n<p id=\"titulo-mencionA\" class=\"texto\">Revista de la Universidad Industrial de Santander. Salud. Colombia<\/p>\n<\/div>\n<div>\n<p class=\"texto-referencias\">Larrotta-Castillo, R., M\u00e9ndez-Ferreira, A., Mora-Jaimes, C., C\u00f3rdoba-Casta\u00f1eda, M., Duque-Moreno, J. (2020). P\u00e9rdida, duelo y salud mental en tiempos de pandemia. Revista de la Universidad Industrial de Santander. Salud, 52(2), 182-183.<\/p>\n<\/div>\n<\/div>\n<\/div>\n<div class=\"contenedor-menciones\">\n<div id=\"contenedor-img\" style=\"margin: 0px 15px;\"><img decoding=\"async\" src=\"https:\/\/amelica.org\/wp-content\/uploads\/2020\/04\/gastroenterologia.png\" \/><\/div>\n<div id=\"contenedor-texto\">\n<div>\n<p id=\"titulo-mencionA\" class=\"texto\">Revista Colombiana de Gastroenterolog\u00eda. Colombia<\/p>\n<\/div>\n<div>\n<p class=\"texto-referencias\">Otero, W., G\u00f3mez, M. A., Angel, L. A., Ru\u00edz, O. F., Marulanda, H., Riveros, J., Junca, E. G., Ball\u00e9n, H., Rodr\u00edguez, A., Pineda, L. F., Otero, E. B., Otero, L., Jaramillo, T. G., Buitrago, J., Rodr\u00edguez, J., y Bastidas, M. (2020). Procedimientos endosc\u00f3picos y pandemia COVID19. Consideraciones b\u00e1sicas. Revista Colombiana de Gastroenterologi\u0301a, 35(1), 65-75. https:\/\/doi.org\/10.22516\/25007440.526<\/p>\n<\/div>\n<\/div>\n<\/div>\n<div class=\"contenedor-menciones\">\n<div id=\"contenedor-img\" style=\"margin: 0px 15px;\"><img decoding=\"async\" src=\"https:\/\/amelica.org\/wp-content\/uploads\/2020\/04\/gastroenterologia.png\" \/><\/div>\n<div id=\"contenedor-texto\">\n<div>\n<p id=\"titulo-mencionA\" class=\"texto\">Revista Colombiana de Gastroenterolog\u00eda. Colombia<\/p>\n<\/div>\n<div>\n<p class=\"texto-referencias\">M\u00e1rquez, J. (2020). Teleconsulta en la pandemia por Coronavirus: desaf\u00edos para la telemedicina pos-COVID-19. Revista Colombiana de Gastroenterologi\u0301a, 35(Supl.1), 5-16. https:\/\/doi.org\/10.22516\/25007440.543<\/p>\n<\/div>\n<\/div>\n<\/div>\n<div class=\"contenedor-menciones\">\n<div id=\"contenedor-img\" style=\"margin: 0px 15px;\"><img decoding=\"async\" src=\"https:\/\/amelica.org\/wp-content\/uploads\/2020\/04\/gastroenterologia.png\" \/><\/div>\n<div id=\"contenedor-texto\">\n<div>\n<p id=\"titulo-mencionA\" class=\"texto\">Revista Colombiana de Gastroenterolog\u00eda. Colombia<\/p>\n<\/div>\n<div>\n<p class=\"texto-referencias\">Le\u00f3n, J., G\u00f3mez, A. y Tapias, M. (2020). Implicaciones hep\u00e1ticas en la pandemia por COVID-19. Revista Colombiana de Gastroenterologi\u0301a, 35(Supl.1), 30-36. https:\/\/doi.org\/10.22516\/25007440.535<\/p>\n<\/div>\n<\/div>\n<\/div>\n<div class=\"contenedor-menciones\">\n<div id=\"contenedor-img\" style=\"margin: 0px 15px;\"><img decoding=\"async\" src=\"https:\/\/amelica.org\/wp-content\/uploads\/2020\/04\/cienciascuba.jpg\" \/><\/div>\n<div id=\"contenedor-texto\">\n<div>\n<p id=\"titulo-mencionA\" class=\"texto\">Revista Habanera de Ciencias M\u00e9dicas. Cuba<\/p>\n<\/div>\n<div>\n<p class=\"texto-referencias\">Serra, M.A. (2020). Infecci\u00f3n respiratoria aguda por COVID-19: una amenaza evidente. Revista Habanera de Ciencias M\u00e9dicas, 19(1), 1-5. Disponible en: http:\/\/www.revhabanera.sld.cu\/index.php\/rhab\/article\/view\/3171\/2454<\/p>\n<\/div>\n<\/div>\n<\/div>\n<p><strong>Documentos hist\u00f3ricos sobre pandemias<\/strong><\/p>\n<div class=\"contenedor-menciones\">\n<div id=\"contenedor-img\" style=\"margin: 0px 15px;\"><img decoding=\"async\" src=\"https:\/\/amelica.org\/wp-content\/uploads\/2020\/04\/portada-8.png\" \/><\/div>\n<div id=\"contenedor-texto\">\n<div>\n<p id=\"titulo-mencionA\" class=\"texto\">Fronteras de la Historia, Colombia<\/p>\n<\/div>\n<div>\n<p class=\"texto-referencias\">V\u00e9lez, L. A. (2019). Epidemia de disenter\u00eda en Cali, 1809-1810. Consecuencias sociales y demogr\u00e1ficas. Fronteras de la Historia, 24(2), 162-194. Disponible en: https:\/\/doi.org\/10.22380\/20274688.612<\/p>\n<\/div>\n<\/div>\n<\/div>\n<div class=\"contenedor-menciones\">\n<div id=\"contenedor-img\" style=\"margin: 0px 15px;\"><img decoding=\"async\" src=\"https:\/\/amelica.org\/wp-content\/uploads\/2020\/04\/portada-8.png\" \/><\/div>\n<div id=\"contenedor-texto\">\n<div>\n<p id=\"titulo-mencionA\" class=\"texto\">Fronteras de la Historia, Colombia<\/p>\n<\/div>\n<div>\n<p class=\"texto-referencias\">Netzahualcoyotzi, M. (2018). Muertos y sobrevivientes por la epidemia de tifo de 1813 en la parroquia de San Pablo Apetatitlan, Tlaxcala. Fronteras de la Historia, 23(2), 184-217. Disponible en: https:\/\/doi.org\/10.22380\/20274688.451<\/p>\n<\/div>\n<\/div>\n<\/div>\n<div class=\"contenedor-menciones\">\n<div id=\"contenedor-img\" style=\"margin: 0px 15px;\"><img decoding=\"async\" src=\"https:\/\/amelica.org\/wp-content\/uploads\/2020\/04\/portada-8.png\" \/><\/div>\n<div id=\"contenedor-texto\">\n<div>\n<p id=\"titulo-mencionA\" class=\"texto\">Fronteras de la Historia, Colombia<\/p>\n<\/div>\n<div>\n<p class=\"texto-referencias\">Irisarri, A. (2007). La vacunaci\u00f3n contra la viruela en la provincia de San Luis Potos\u00ed tras la expedici\u00f3n de Balmis: 1805-1821. Fronteras de la Historia, 12, 197-226. Disponible en:<br \/>\nhttps:\/\/doi.org\/10.22380\/20274688.474<\/p>\n<\/div>\n<\/div>\n<\/div>\n<div class=\"contenedor-menciones\">\n<div id=\"contenedor-img\" style=\"margin: 0px 15px;\"><img decoding=\"async\" src=\"https:\/\/amelica.org\/wp-content\/uploads\/2020\/04\/portada-8.png\" \/><\/div>\n<div id=\"contenedor-texto\">\n<div>\n<p id=\"titulo-mencionA\" class=\"texto\">Fronteras de la Historia, Colombia<\/p>\n<\/div>\n<div>\n<p class=\"texto-referencias\">Parra, E. (2015). Bibliograf\u00eda m\u00e9dica y sensacionalismo. El caso de los Discursos medicinales de Juan M\u00e9ndez Nieto. Fronteras de la Historia, 20(1), 150-172. Disponible en: https:\/\/doi.org\/10.22380\/2027468820<\/p>\n<\/div>\n<\/div>\n<\/div>\n<div class=\"contenedor-menciones\">\n<div id=\"contenedor-img\" style=\"margin: 0px 15px;\"><img decoding=\"async\" src=\"https:\/\/amelica.org\/wp-content\/uploads\/2020\/04\/portada-8.png\" \/><\/div>\n<div id=\"contenedor-texto\">\n<div>\n<p id=\"titulo-mencionA\" class=\"texto\">Fronteras de la Historia, Colombia<\/p>\n<\/div>\n<div>\n<p class=\"texto-referencias\">Rivasplata, P. (2014). Los m\u00e9dicos y los cirujanos mulatos y de otras castas en la Lima colonial. Fronteras de la Historia, 19(1), 42-70. Disponible en:<br \/>\nhttps:\/\/doi.org\/10.22380\/2027468831<\/p>\n<\/div>\n<\/div>\n<\/div>\n<div class=\"contenedor-menciones\">\n<div id=\"contenedor-img\" style=\"margin: 0px 15px;\"><img decoding=\"async\" src=\"https:\/\/amelica.org\/wp-content\/uploads\/2020\/04\/portada-8.png\" \/><\/div>\n<div id=\"contenedor-texto\">\n<div>\n<p id=\"titulo-mencionA\" class=\"texto\">Fronteras de la Historia, Colombia<\/p>\n<\/div>\n<div>\n<p class=\"texto-referencias\">Ronderos, P. (2007). El arte de boticario durante la primera mitad del siglo XVII en el Nuevo Reino de Granada. Fronteras de la Historia, 12, 175-196. Disponible en:<br \/>\nhttps:\/\/doi.org\/10.22380\/20274688.473<\/p>\n<\/div>\n<\/div>\n<\/div>\n<div class=\"contenedor-menciones\">\n<div id=\"contenedor-img\" style=\"margin: 0px 15px;\"><img decoding=\"async\" src=\"https:\/\/amelica.org\/wp-content\/uploads\/2020\/04\/portada-8.png\" \/><\/div>\n<div id=\"contenedor-texto\">\n<div>\n<p id=\"titulo-mencionA\" class=\"texto\">Fronteras de la Historia, Colombia<\/p>\n<\/div>\n<div>\n<p class=\"texto-referencias\">Alzate, A. (2005). Los manuales de salud en la Nueva Granada (1760- 1810) \u00bfEl remedio al pie de la letra? Fronteras de la Historia, 10, 209-252. Disponible en: https:\/\/doi.org\/10.22380\/20274688.587<\/p>\n<\/div>\n<\/div>\n<\/div>\n","protected":false},"excerpt":{"rendered":"<p>#COVID19 Mientras la vida no sea el foco del sistema, seguiremos viendo grandes potencias indefensas ante contingencias de salud, porque la salud no genera ganancia econ\u00f3mica inmediata. El #AccesoAbierto tendr\u00e1 futuro hasta que se valore la vida sobre el capital #CienciaBienComun @ariannabec Ante una contingencia mundial de salud, se refrenda la vital funci\u00f3n del Acceso [&hellip;]<\/p>\n","protected":false},"author":23,"featured_media":10999,"comment_status":"open","ping_status":"open","sticky":false,"template":"","format":"standard","meta":{"_mi_skip_tracking":false,"_monsterinsights_sitenote_active":false,"_monsterinsights_sitenote_note":"","_monsterinsights_sitenote_category":0,"footnotes":""},"categories":[517],"tags":[],"aioseo_notices":[],"_links":{"self":[{"href":"https:\/\/amelica.org\/index.php\/wp-json\/wp\/v2\/posts\/10945"}],"collection":[{"href":"https:\/\/amelica.org\/index.php\/wp-json\/wp\/v2\/posts"}],"about":[{"href":"https:\/\/amelica.org\/index.php\/wp-json\/wp\/v2\/types\/post"}],"author":[{"embeddable":true,"href":"https:\/\/amelica.org\/index.php\/wp-json\/wp\/v2\/users\/23"}],"replies":[{"embeddable":true,"href":"https:\/\/amelica.org\/index.php\/wp-json\/wp\/v2\/comments?post=10945"}],"version-history":[{"count":2,"href":"https:\/\/amelica.org\/index.php\/wp-json\/wp\/v2\/posts\/10945\/revisions"}],"predecessor-version":[{"id":14639,"href":"https:\/\/amelica.org\/index.php\/wp-json\/wp\/v2\/posts\/10945\/revisions\/14639"}],"wp:featuredmedia":[{"embeddable":true,"href":"https:\/\/amelica.org\/index.php\/wp-json\/wp\/v2\/media\/10999"}],"wp:attachment":[{"href":"https:\/\/amelica.org\/index.php\/wp-json\/wp\/v2\/media?parent=10945"}],"wp:term":[{"taxonomy":"category","embeddable":true,"href":"https:\/\/amelica.org\/index.php\/wp-json\/wp\/v2\/categories?post=10945"},{"taxonomy":"post_tag","embeddable":true,"href":"https:\/\/amelica.org\/index.php\/wp-json\/wp\/v2\/tags?post=10945"}],"curies":[{"name":"wp","href":"https:\/\/api.w.org\/{rel}","templated":true}]}}